{"id":38284,"date":"2024-11-12T11:11:13","date_gmt":"2024-11-12T10:11:13","guid":{"rendered":"https:\/\/www.ayuntamiento-losmolinos.es\/?post_type=lsvr_notice&#038;p=38284"},"modified":"2024-11-12T11:12:14","modified_gmt":"2024-11-12T10:12:14","slug":"modificacion-de-horarios-en-lineas-de-autobus-entre-madrid-y-municipios-de-la-sierra-a-partir-del-16-de-noviembre","status":"publish","type":"lsvr_notice","link":"https:\/\/www.ayuntamiento-losmolinos.es\/?lsvr_notice=modificacion-de-horarios-en-lineas-de-autobus-entre-madrid-y-municipios-de-la-sierra-a-partir-del-16-de-noviembre","title":{"rendered":"Modificaci\u00f3n de horarios en l\u00edneas de autob\u00fas entre Madrid y municipios de la Sierra a partir del 16 de noviembre"},"content":{"rendered":"\n<p>A partir del 16 de noviembre de 2024, varias l\u00edneas de autobuses interurbanos que conectan Madrid (Moncloa) con diversos municipios de la Sierra de Guadarrama ajustar\u00e1n sus horarios, tras una notificaci\u00f3n oficial enviada a la empresa concesionaria Avanza Movilidad Integral, S.L. Estas modificaciones afectan a los periodos de vigencia de los cuadros horarios de los servicios.<\/p>\n\n\n\n<p>Las l\u00edneas que sufrir\u00e1n ajustes en sus horarios abarcan rutas clave como:<\/p>\n\n\n\n<ul class=\"wp-block-list\" data-block-type=\"core\">\n<li data-block-type=\"core\"><strong>L\u00ednea 611<\/strong> \u201cMadrid (Moncloa) &#8211; Hoyo de Manzanares\u201d:\n<ul class=\"wp-block-list\" data-block-type=\"core\">\n<li data-block-type=\"core\">S\u00e1bados laborables (del 1 de septiembre al 31 de julio) y domingos y festivos (todo el a\u00f1o).<\/li>\n<\/ul>\n<\/li>\n\n\n\n<li data-block-type=\"core\"><strong>L\u00ednea 611A<\/strong> \u201cMadrid (Moncloa) &#8211; Hoyo de Manzanares (por Urb. Las Colinas)\u201d:\n<ul class=\"wp-block-list\" data-block-type=\"core\">\n<li data-block-type=\"core\">D\u00edas laborables de lunes a viernes (del 1 de septiembre al 31 de julio).<\/li>\n<\/ul>\n<\/li>\n\n\n\n<li data-block-type=\"core\"><strong>L\u00ednea 681<\/strong> \u201cMadrid (Moncloa) &#8211; Alpedrete\u201d:\n<ul class=\"wp-block-list\" data-block-type=\"core\">\n<li data-block-type=\"core\">S\u00e1bados laborables y domingos y festivos (todo el a\u00f1o).<\/li>\n<\/ul>\n<\/li>\n\n\n\n<li data-block-type=\"core\"><strong>L\u00ednea 682<\/strong> \u201cMadrid (Moncloa) &#8211; Villalba &#8211; Guadarrama\u201d:\n<ul class=\"wp-block-list\" data-block-type=\"core\">\n<li data-block-type=\"core\">S\u00e1bados laborables y domingos y festivos (todo el a\u00f1o).<\/li>\n<\/ul>\n<\/li>\n\n\n\n<li data-block-type=\"core\"><strong>L\u00ednea 684<\/strong> \u201cMadrid (Moncloa) &#8211; Cercedilla (por Guadarrama)\u201d:\n<ul class=\"wp-block-list\" data-block-type=\"core\">\n<li data-block-type=\"core\">S\u00e1bados laborables y domingos y festivos (todo el a\u00f1o).<\/li>\n<\/ul>\n<\/li>\n\n\n\n<li data-block-type=\"core\"><strong>L\u00ednea 685<\/strong> \u201cMajadahonda (Hospital) &#8211; Las Rozas &#8211; Guadarrama\u201d:\n<ul class=\"wp-block-list\" data-block-type=\"core\">\n<li data-block-type=\"core\">S\u00e1bados laborables y domingos y festivos (todo el a\u00f1o).<\/li>\n<\/ul>\n<\/li>\n\n\n\n<li data-block-type=\"core\"><strong>L\u00ednea 688<\/strong> \u201cMadrid (Moncloa) &#8211; Los Molinos\u201d:\n<ul class=\"wp-block-list\" data-block-type=\"core\">\n<li data-block-type=\"core\">S\u00e1bados laborables y domingos y festivos (del 1 de septiembre al 31 de julio).<\/li>\n<\/ul>\n<\/li>\n\n\n\n<li data-block-type=\"core\"><strong>L\u00ednea 691<\/strong> \u201cMadrid (Moncloa) &#8211; Becerril &#8211; Navacerrada &#8211; Valdesqu\u00ed\u201d:\n<ul class=\"wp-block-list\" data-block-type=\"core\">\n<li data-block-type=\"core\">S\u00e1bados laborables y domingos y festivos (todo el a\u00f1o).<\/li>\n<\/ul>\n<\/li>\n\n\n\n<li data-block-type=\"core\"><strong>L\u00ednea N602<\/strong> \u201cMadrid (Moncloa) &#8211; Collado Villalba &#8211; Guadarrama\u201d (nocturna):\n<ul class=\"wp-block-list\" data-block-type=\"core\">\n<li data-block-type=\"core\">De lunes a viernes, s\u00e1bados, domingos y festivos (todo el a\u00f1o).<\/li>\n<\/ul>\n<\/li>\n<\/ul>\n\n\n\n<p>Los nuevos horarios responden a un ajuste en la frecuencia de servicios en distintos d\u00edas de la semana, con el objetivo de optimizar la cobertura en funci\u00f3n de la demanda estacional. Para mayor detalle y consulta de los nuevos cuadros horarios, los usuarios pueden dirigirse a las plataformas de Avanza o consultar en el intercambiador de Moncloa.<\/p>\n\n\n\n<p>Estos cambios buscan mejorar la eficiencia del transporte entre Madrid y la sierra, manteniendo el servicio en horarios m\u00e1s acorde a las necesidades de los usuarios en las diferentes temporadas.<\/p>\n\n\n\n<a href=\"\/wp-content\/uploads\/2024\/11\/MODIFICACION-LINEAS-NUEVAS.pdf\"\n    class=\"lsvr-button lsvr-button--medium\"\n     target=\"_blank\"    >\n    DESCARGA EL AVISO<\/a>\n\n","protected":false},"author":1,"template":"","meta":{"_coblocks_attr":"","_coblocks_dimensions":"","_coblocks_responsive_height":"","_coblocks_accordion_ie_support":""},"lsvr_notice_cat":[988],"lsvr_notice_tag":[1086,1165,1166,1167],"class_list":["post-38284","lsvr_notice","type-lsvr_notice","status-publish","hentry","lsvr_notice_cat-bandos-y-avisos","lsvr_notice_tag-1086","lsvr_notice_tag-aviso","lsvr_notice_tag-lineas-autobus","lsvr_notice_tag-modificacion"],"_links":{"self":[{"href":"https:\/\/www.ayuntamiento-losmolinos.es\/index.php?rest_route=\/wp\/v2\/lsvr_notice\/38284","targetHints":{"allow":["GET"]}}],"collection":[{"href":"https:\/\/www.ayuntamiento-losmolinos.es\/index.php?rest_route=\/wp\/v2\/lsvr_notice"}],"about":[{"href":"https:\/\/www.ayuntamiento-losmolinos.es\/index.php?rest_route=\/wp\/v2\/types\/lsvr_notice"}],"author":[{"embeddable":true,"href":"https:\/\/www.ayuntamiento-losmolinos.es\/index.php?rest_route=\/wp\/v2\/users\/1"}],"wp:attachment":[{"href":"https:\/\/www.ayuntamiento-losmolinos.es\/index.php?rest_route=%2Fwp%2Fv2%2Fmedia&parent=38284"}],"wp:term":[{"taxonomy":"lsvr_notice_cat","embeddable":true,"href":"https:\/\/www.ayuntamiento-losmolinos.es\/index.php?rest_route=%2Fwp%2Fv2%2Flsvr_notice_cat&post=38284"},{"taxonomy":"lsvr_notice_tag","embeddable":true,"href":"https:\/\/www.ayuntamiento-losmolinos.es\/index.php?rest_route=%2Fwp%2Fv2%2Flsvr_notice_tag&post=38284"}],"curies":[{"name":"wp","href":"https:\/\/api.w.org\/{rel}","templated":true}]}}