{"id":10629,"date":"2018-12-19T14:08:57","date_gmt":"2018-12-19T13:08:57","guid":{"rendered":"http:\/\/www.ayuntamiento-losmolinos.es\/?p=10629"},"modified":"2024-09-10T11:57:42","modified_gmt":"2024-09-10T09:57:42","slug":"el-ayuntamiento-y-cuz-roja-firman-un-convenio-para-la-ayuda-social","status":"publish","type":"post","link":"https:\/\/www.ayuntamiento-losmolinos.es\/?p=10629","title":{"rendered":"El Ayuntamiento y Cuz Roja firman un convenio para la Ayuda Social"},"content":{"rendered":"<p><a href=\"http:\/\/www.ayuntamiento-losmolinos.es\/wp-content\/uploads\/2018\/12\/Firma-convenio.jpg\"><img loading=\"lazy\" decoding=\"async\" class=\"alignleft wp-image-10631 size-medium\" src=\"http:\/\/www.ayuntamiento-losmolinos.es\/wp-content\/uploads\/2018\/12\/Firma-convenio-300x212.jpg\" alt=\"\" width=\"300\" height=\"212\" \/><\/a>El pasado 14 de diciembre se firm\u00f3 el convenio de colaboraci\u00f3n entre el Ayuntamiento de Los Molinos y Cruz Roja.<\/p>\n<p style=\"text-align: justify;\">Esta instituci\u00f3n realiza este trabajo en nuestro municipio y con este acuerdo de un a\u00f1o de duraci\u00f3n y la aportaci\u00f3n de 2.000.- \u20ac, desde el ayuntamiento, queremos darle un gran impulso.<\/p>\n<p style=\"text-align: justify;\">Este convenio permitir\u00e1 a ambas entidades seguir trabajando mucho m\u00e1s para poder atender a los colectivos de nuestra localidad que se encuentran en situaci\u00f3n de riesgo de exclusi\u00f3n y\u00a0 poder seguir afrontando situaciones de emergencia.<\/p>\n<p style=\"text-align: justify;\">Seg\u00fan datos estimados, unas cincuenta familias se ver\u00e1n beneficiadas de la gesti\u00f3n, tramitaci\u00f3n, entrega de ayudas de emergencia social para necesidades b\u00e1sicas (kits de higiene, alimentaci\u00f3n infantil, material escolar, transporte, alquiler, suministros, acompa\u00f1amiento y pr\u00e9stamo de productos de apoyo).<\/p>\n<p style=\"text-align: justify;\">Con esta firma, ambas instituciones se comprometen a trabajar de forma conjunta y coordinada.<\/p>\n<hr \/>\n<ul>\n<li><a href=\"\/wp-content\/uploads\/2018\/12\/Nota-de-prensa-Convenio-Cruz-Roja.pdf\" target=\"_blank\" rel=\"noopener\">Descarga la nota de prensa<\/a><\/li>\n<\/ul>\n","protected":false},"excerpt":{"rendered":"<p>El pasado 14 de diciembre se firm\u00f3 el convenio de colaboraci\u00f3n entre el Ayuntamiento de Los Molinos y Cruz Roja. Esta instituci\u00f3n realiza este trabajo en nuestro municipio y con este acuerdo de un a\u00f1o de duraci\u00f3n y la aportaci\u00f3n de 2.000.- \u20ac, desde el ayuntamiento, queremos darle un gran impulso. Este convenio permitir\u00e1 a [&hellip;]<\/p>\n","protected":false},"author":1,"featured_media":33736,"comment_status":"closed","ping_status":"open","sticky":false,"template":"","format":"standard","meta":{"_coblocks_attr":"","_coblocks_dimensions":"","_coblocks_responsive_height":"","_coblocks_accordion_ie_support":"","footnotes":""},"categories":[3],"tags":[66,114,115,116,9,117],"class_list":["post-10629","post","type-post","status-publish","format-standard","has-post-thumbnail","hentry","category-actualidad","tag-66","tag-ayuda-social","tag-convenio","tag-cruz-roja","tag-los-molinos","tag-salud"],"_links":{"self":[{"href":"https:\/\/www.ayuntamiento-losmolinos.es\/index.php?rest_route=\/wp\/v2\/posts\/10629","targetHints":{"allow":["GET"]}}],"collection":[{"href":"https:\/\/www.ayuntamiento-losmolinos.es\/index.php?rest_route=\/wp\/v2\/posts"}],"about":[{"href":"https:\/\/www.ayuntamiento-losmolinos.es\/index.php?rest_route=\/wp\/v2\/types\/post"}],"author":[{"embeddable":true,"href":"https:\/\/www.ayuntamiento-losmolinos.es\/index.php?rest_route=\/wp\/v2\/users\/1"}],"replies":[{"embeddable":true,"href":"https:\/\/www.ayuntamiento-losmolinos.es\/index.php?rest_route=%2Fwp%2Fv2%2Fcomments&post=10629"}],"version-history":[{"count":1,"href":"https:\/\/www.ayuntamiento-losmolinos.es\/index.php?rest_route=\/wp\/v2\/posts\/10629\/revisions"}],"predecessor-version":[{"id":37806,"href":"https:\/\/www.ayuntamiento-losmolinos.es\/index.php?rest_route=\/wp\/v2\/posts\/10629\/revisions\/37806"}],"wp:featuredmedia":[{"embeddable":true,"href":"https:\/\/www.ayuntamiento-losmolinos.es\/index.php?rest_route=\/wp\/v2\/media\/33736"}],"wp:attachment":[{"href":"https:\/\/www.ayuntamiento-losmolinos.es\/index.php?rest_route=%2Fwp%2Fv2%2Fmedia&parent=10629"}],"wp:term":[{"taxonomy":"category","embeddable":true,"href":"https:\/\/www.ayuntamiento-losmolinos.es\/index.php?rest_route=%2Fwp%2Fv2%2Fcategories&post=10629"},{"taxonomy":"post_tag","embeddable":true,"href":"https:\/\/www.ayuntamiento-losmolinos.es\/index.php?rest_route=%2Fwp%2Fv2%2Ftags&post=10629"}],"curies":[{"name":"wp","href":"https:\/\/api.w.org\/{rel}","templated":true}]}}