{"id":11791,"date":"2019-05-21T09:35:23","date_gmt":"2019-05-21T07:35:23","guid":{"rendered":"http:\/\/www.ayuntamiento-losmolinos.es\/?p=11791"},"modified":"2019-05-21T09:35:23","modified_gmt":"2019-05-21T07:35:23","slug":"felicidades-a-los-de-alevines-de-futbol-sala-por-su-gran-temporada","status":"publish","type":"post","link":"https:\/\/www.ayuntamiento-losmolinos.es\/?p=11791","title":{"rendered":"Felicidades a los de alevines de f\u00fatbol sala por su gran temporada"},"content":{"rendered":"<p style=\"text-align: justify;\">Felicitar a nuestro equipo Alevin de f\u00fatbol sala que este pasado s\u00e1bado jug\u00f3 en Alcorc\u00f3n la fase Zonal de ADS, no pudiendo llegar a la final, a pesar de realizar una buena competici\u00f3n y perdiendo en los \u00faltimos segundos.<\/p>\n<p style=\"text-align: justify;\">\u00a1\u00a1Enhorabuena Equipo!! Gran trabajo y temporada.<\/p>\n<p style=\"text-align: justify;\">Juega, divi\u00e9rtete y disfruta el Juego.<\/p>\n<div id='gallery-1' class='gallery galleryid-11791 gallery-columns-2 gallery-size-full'><figure class='gallery-item'>\n\t\t\t<div class='gallery-icon landscape'>\n\t\t\t\t<a href='https:\/\/www.ayuntamiento-losmolinos.es\/wp-content\/uploads\/2019\/05\/benja3.jpg'><img loading=\"lazy\" decoding=\"async\" width=\"566\" height=\"499\" src=\"https:\/\/www.ayuntamiento-losmolinos.es\/wp-content\/uploads\/2019\/05\/benja3.jpg\" class=\"attachment-full size-full\" alt=\"\" srcset=\"https:\/\/www.ayuntamiento-losmolinos.es\/wp-content\/uploads\/2019\/05\/benja3.jpg 566w, https:\/\/www.ayuntamiento-losmolinos.es\/wp-content\/uploads\/2019\/05\/benja3-300x264.jpg 300w, https:\/\/www.ayuntamiento-losmolinos.es\/wp-content\/uploads\/2019\/05\/benja3-166x146.jpg 166w, https:\/\/www.ayuntamiento-losmolinos.es\/wp-content\/uploads\/2019\/05\/benja3-50x44.jpg 50w, https:\/\/www.ayuntamiento-losmolinos.es\/wp-content\/uploads\/2019\/05\/benja3-85x75.jpg 85w\" sizes=\"auto, (max-width: 566px) 100vw, 566px\" \/><\/a>\n\t\t\t<\/div><\/figure><figure class='gallery-item'>\n\t\t\t<div class='gallery-icon landscape'>\n\t\t\t\t<a href='https:\/\/www.ayuntamiento-losmolinos.es\/wp-content\/uploads\/2019\/05\/fsalabenja2-1.jpg'><img loading=\"lazy\" decoding=\"async\" width=\"1078\" height=\"806\" src=\"https:\/\/www.ayuntamiento-losmolinos.es\/wp-content\/uploads\/2019\/05\/fsalabenja2-1.jpg\" class=\"attachment-full size-full\" alt=\"\" srcset=\"https:\/\/www.ayuntamiento-losmolinos.es\/wp-content\/uploads\/2019\/05\/fsalabenja2-1.jpg 1078w, https:\/\/www.ayuntamiento-losmolinos.es\/wp-content\/uploads\/2019\/05\/fsalabenja2-1-300x224.jpg 300w, https:\/\/www.ayuntamiento-losmolinos.es\/wp-content\/uploads\/2019\/05\/fsalabenja2-1-768x574.jpg 768w, https:\/\/www.ayuntamiento-losmolinos.es\/wp-content\/uploads\/2019\/05\/fsalabenja2-1-1024x766.jpg 1024w, https:\/\/www.ayuntamiento-losmolinos.es\/wp-content\/uploads\/2019\/05\/fsalabenja2-1-195x146.jpg 195w, https:\/\/www.ayuntamiento-losmolinos.es\/wp-content\/uploads\/2019\/05\/fsalabenja2-1-50x37.jpg 50w, https:\/\/www.ayuntamiento-losmolinos.es\/wp-content\/uploads\/2019\/05\/fsalabenja2-1-100x75.jpg 100w\" sizes=\"auto, (max-width: 1078px) 100vw, 1078px\" \/><\/a>\n\t\t\t<\/div><\/figure>\n\t\t<\/div>\n\n","protected":false},"excerpt":{"rendered":"<p>Felicitar a nuestro equipo Alevin de f\u00fatbol sala que este pasado s\u00e1bado jug\u00f3 en Alcorc\u00f3n la fase Zonal de ADS, no pudiendo llegar a la final, a pesar de realizar una buena competici\u00f3n y perdiendo en los \u00faltimos segundos. \u00a1\u00a1Enhorabuena Equipo!! Gran trabajo y temporada. Juega, divi\u00e9rtete y disfruta el Juego.<\/p>\n","protected":false},"author":1,"featured_media":11789,"comment_status":"closed","ping_status":"open","sticky":false,"template":"","format":"standard","meta":{"_coblocks_attr":"","_coblocks_dimensions":"","_coblocks_responsive_height":"","_coblocks_accordion_ie_support":"","footnotes":""},"categories":[3],"tags":[101,206,262,263,7,264,265,62,9],"class_list":["post-11791","post","type-post","status-publish","format-standard","has-post-thumbnail","hentry","category-actualidad","tag-ads","tag-agrupacion-deportiva-de-la-sierra","tag-alevines","tag-ayuntamiento-de-los-molinos","tag-deportes","tag-final","tag-futbol-sala","tag-juventud","tag-los-molinos"],"_links":{"self":[{"href":"https:\/\/www.ayuntamiento-losmolinos.es\/index.php?rest_route=\/wp\/v2\/posts\/11791","targetHints":{"allow":["GET"]}}],"collection":[{"href":"https:\/\/www.ayuntamiento-losmolinos.es\/index.php?rest_route=\/wp\/v2\/posts"}],"about":[{"href":"https:\/\/www.ayuntamiento-losmolinos.es\/index.php?rest_route=\/wp\/v2\/types\/post"}],"author":[{"embeddable":true,"href":"https:\/\/www.ayuntamiento-losmolinos.es\/index.php?rest_route=\/wp\/v2\/users\/1"}],"replies":[{"embeddable":true,"href":"https:\/\/www.ayuntamiento-losmolinos.es\/index.php?rest_route=%2Fwp%2Fv2%2Fcomments&post=11791"}],"version-history":[{"count":0,"href":"https:\/\/www.ayuntamiento-losmolinos.es\/index.php?rest_route=\/wp\/v2\/posts\/11791\/revisions"}],"wp:featuredmedia":[{"embeddable":true,"href":"https:\/\/www.ayuntamiento-losmolinos.es\/index.php?rest_route=\/wp\/v2\/media\/11789"}],"wp:attachment":[{"href":"https:\/\/www.ayuntamiento-losmolinos.es\/index.php?rest_route=%2Fwp%2Fv2%2Fmedia&parent=11791"}],"wp:term":[{"taxonomy":"category","embeddable":true,"href":"https:\/\/www.ayuntamiento-losmolinos.es\/index.php?rest_route=%2Fwp%2Fv2%2Fcategories&post=11791"},{"taxonomy":"post_tag","embeddable":true,"href":"https:\/\/www.ayuntamiento-losmolinos.es\/index.php?rest_route=%2Fwp%2Fv2%2Ftags&post=11791"}],"curies":[{"name":"wp","href":"https:\/\/api.w.org\/{rel}","templated":true}]}}