{"id":11924,"date":"2019-06-07T10:45:52","date_gmt":"2019-06-07T08:45:52","guid":{"rendered":"http:\/\/www.ayuntamiento-losmolinos.es\/?p=11924"},"modified":"2019-06-07T10:45:52","modified_gmt":"2019-06-07T08:45:52","slug":"apertura-de-trafico-en-calle-real-por-asfaltado","status":"publish","type":"post","link":"https:\/\/www.ayuntamiento-losmolinos.es\/?p=11924","title":{"rendered":"Apertura de tr\u00e1fico en Calle Real por asfaltado"},"content":{"rendered":"<p>Al haber finalizado las obras de asfaltado que se estaban realizando en la Calle Real de este t\u00e9rmino municipal, se ha procedido a la apertura al tr\u00e1fico, por lo que los autobuses de la empresa LARREA, a partir <strong>del d\u00eda 8 de junio de 2019 <\/strong>podr\u00e1n circular de nuevo por la C\/ Real y hacer las paradas que tienen establecidas.<\/p>\n","protected":false},"excerpt":{"rendered":"<p>Al haber finalizado las obras de asfaltado que se estaban realizando en la Calle Real de este t\u00e9rmino municipal, se ha procedido a la apertura al tr\u00e1fico, por lo que los autobuses de la empresa LARREA, a partir del d\u00eda 8 de junio de 2019 podr\u00e1n circular de nuevo por la C\/ Real y hacer [&hellip;]<\/p>\n","protected":false},"author":1,"featured_media":11923,"comment_status":"closed","ping_status":"open","sticky":false,"template":"","format":"standard","meta":{"_coblocks_attr":"","_coblocks_dimensions":"","_coblocks_responsive_height":"","_coblocks_accordion_ie_support":"","footnotes":""},"categories":[3],"tags":[103,284,285,286,9,287],"class_list":["post-11924","post","type-post","status-publish","format-standard","has-post-thumbnail","hentry","category-actualidad","tag-103","tag-asfaltado","tag-corte","tag-larrea","tag-los-molinos","tag-trafico"],"_links":{"self":[{"href":"https:\/\/www.ayuntamiento-losmolinos.es\/index.php?rest_route=\/wp\/v2\/posts\/11924","targetHints":{"allow":["GET"]}}],"collection":[{"href":"https:\/\/www.ayuntamiento-losmolinos.es\/index.php?rest_route=\/wp\/v2\/posts"}],"about":[{"href":"https:\/\/www.ayuntamiento-losmolinos.es\/index.php?rest_route=\/wp\/v2\/types\/post"}],"author":[{"embeddable":true,"href":"https:\/\/www.ayuntamiento-losmolinos.es\/index.php?rest_route=\/wp\/v2\/users\/1"}],"replies":[{"embeddable":true,"href":"https:\/\/www.ayuntamiento-losmolinos.es\/index.php?rest_route=%2Fwp%2Fv2%2Fcomments&post=11924"}],"version-history":[{"count":0,"href":"https:\/\/www.ayuntamiento-losmolinos.es\/index.php?rest_route=\/wp\/v2\/posts\/11924\/revisions"}],"wp:featuredmedia":[{"embeddable":true,"href":"https:\/\/www.ayuntamiento-losmolinos.es\/index.php?rest_route=\/wp\/v2\/media\/11923"}],"wp:attachment":[{"href":"https:\/\/www.ayuntamiento-losmolinos.es\/index.php?rest_route=%2Fwp%2Fv2%2Fmedia&parent=11924"}],"wp:term":[{"taxonomy":"category","embeddable":true,"href":"https:\/\/www.ayuntamiento-losmolinos.es\/index.php?rest_route=%2Fwp%2Fv2%2Fcategories&post=11924"},{"taxonomy":"post_tag","embeddable":true,"href":"https:\/\/www.ayuntamiento-losmolinos.es\/index.php?rest_route=%2Fwp%2Fv2%2Ftags&post=11924"}],"curies":[{"name":"wp","href":"https:\/\/api.w.org\/{rel}","templated":true}]}}