{"id":19981,"date":"2022-05-11T12:03:53","date_gmt":"2022-05-11T10:03:53","guid":{"rendered":"http:\/\/www.ayuntamiento-losmolinos.es\/?p=19981"},"modified":"2022-05-11T12:03:53","modified_gmt":"2022-05-11T10:03:53","slug":"los-molinos-en-amarillo-2022","status":"publish","type":"post","link":"https:\/\/www.ayuntamiento-losmolinos.es\/?p=19981","title":{"rendered":"Los Molinos en amarillo 2022. Ganadores del Concurso"},"content":{"rendered":"<table style=\"border-collapse: collapse; width: 100%;\">\n<tbody>\n<tr>\n<td style=\"width: 50%;\">\n<ul>\n<li>\u00a0\u00a1Ven a disfrutar del Festival del Cambro\u00f1o! Queremos invitarte a vivir con nosotros la floraci\u00f3n del cambro\u00f1o en Los Molinos.<\/li>\n<\/ul>\n<p>Aqu\u00ed, en el coraz\u00f3n de la sierra de Guadarrama, tambi\u00e9n tienes a mano tu lugar para vivir el espect\u00e1culo de la naturaleza; porque esta primavera el pueblo de Los Molinos se viste de nuevo de amarillo con el II Festival del Cambro\u00f1o, desde el 18 de abril al 15 de mayo.<\/p>\n<p>Conferencias, charlas, visitas guiadas, rutas de senderismo, concursos, conciertos y muchas m\u00e1s actividades para todos los p\u00fablicos llenan de amarillo y de vida todos los rincones del municipio.<\/p>\n<p>La tierra se ilumina con la floraci\u00f3n de este arbusto que huele a cuentos y a historia mientras nos recuerda otros espect\u00e1culos familiares por nuestro paisaje: los cerezos en el Jerte, la lavanda en Brihuega, los melocotoneros en torno a Cieza.<\/p>\n<p>Es cuando la primavera llega al cambro\u00f1o y cubre las laderas de un espect\u00e1culo de color amarillo intenso, que incita a pasear a pie y por otros medios suaves como la bicicleta o el caballo por las laderas de Pe\u00f1ota y otros montes aleda\u00f1os, mientras se celebra la floraci\u00f3n en las calles y plazas del pueblo y el amarillo del cambro\u00f1o contagia de luz cada rinc\u00f3n.<\/p>\n<p>Los Molinos es la Capital del Cambro\u00f1o porque cuenta con la mayor extensi\u00f3n de esta variedad end\u00e9mica en la Pen\u00ednsula Ib\u00e9rica y tan propia del municipio.<\/p>\n<p>Porque queremos compartir contigo, como cada a\u00f1o, este festival de amarillo en el que el pueblo se acompasa con la naturaleza y el campo se ilumina a la sombra de las cumbres, te iremos mostrando la agenda de las pr\u00f3ximas semanas.<\/p>\n<p>De momento empezamos con el concurso de decoraci\u00f3n urbana Los Molinos en Amarillo, que ya est\u00e1 en marcha. M\u00e1s informaci\u00f3n en www.ayuntamiento-losmolinos.es<br \/>\nBusca un hueco en tu primavera. Ven a Los Molinos. El color lo ponemos nosotros.\u200b<\/p>\n<ul>\n<li style=\"text-align: left;\"><a href=\"\/wp-content\/uploads\/2022\/04\/NP-FESTIVAL-CAMBRONO-2022.pdf\" target=\"_blank\" rel=\"noopener noreferrer\">Descarga la nota de prensa<\/a><\/li>\n<\/ul>\n<\/td>\n<td style=\"width: 50%;\"><a href=\"https:\/\/www.ayuntamiento-losmolinos.es\/wp-content\/uploads\/2022\/04\/CARTEL-RECOGIDA-MARIPOSAS.png\"><img loading=\"lazy\" decoding=\"async\" class=\"aligncenter size-full wp-image-20357\" src=\"https:\/\/www.ayuntamiento-losmolinos.es\/wp-content\/uploads\/2022\/04\/CARTEL-RECOGIDA-MARIPOSAS.png\" alt=\"\" width=\"1080\" height=\"1080\" srcset=\"https:\/\/www.ayuntamiento-losmolinos.es\/wp-content\/uploads\/2022\/04\/CARTEL-RECOGIDA-MARIPOSAS.png 1080w, https:\/\/www.ayuntamiento-losmolinos.es\/wp-content\/uploads\/2022\/04\/CARTEL-RECOGIDA-MARIPOSAS-300x300.png 300w, https:\/\/www.ayuntamiento-losmolinos.es\/wp-content\/uploads\/2022\/04\/CARTEL-RECOGIDA-MARIPOSAS-1024x1024.png 1024w, https:\/\/www.ayuntamiento-losmolinos.es\/wp-content\/uploads\/2022\/04\/CARTEL-RECOGIDA-MARIPOSAS-150x150.png 150w, https:\/\/www.ayuntamiento-losmolinos.es\/wp-content\/uploads\/2022\/04\/CARTEL-RECOGIDA-MARIPOSAS-768x768.png 768w, https:\/\/www.ayuntamiento-losmolinos.es\/wp-content\/uploads\/2022\/04\/CARTEL-RECOGIDA-MARIPOSAS-146x146.png 146w, https:\/\/www.ayuntamiento-losmolinos.es\/wp-content\/uploads\/2022\/04\/CARTEL-RECOGIDA-MARIPOSAS-50x50.png 50w, https:\/\/www.ayuntamiento-losmolinos.es\/wp-content\/uploads\/2022\/04\/CARTEL-RECOGIDA-MARIPOSAS-75x75.png 75w, https:\/\/www.ayuntamiento-losmolinos.es\/wp-content\/uploads\/2022\/04\/CARTEL-RECOGIDA-MARIPOSAS-85x85.png 85w, https:\/\/www.ayuntamiento-losmolinos.es\/wp-content\/uploads\/2022\/04\/CARTEL-RECOGIDA-MARIPOSAS-80x80.png 80w\" sizes=\"auto, (max-width: 1080px) 100vw, 1080px\" \/><\/a><\/td>\n<\/tr>\n<\/tbody>\n<\/table>\n<p>&nbsp;<\/p>\n<table style=\"border-collapse: collapse; width: 100%;\">\n<tbody>\n<tr>\n<td style=\"width: 50%; text-align: center;\">\n<h4>Festival del Cambro\u00f1o<\/h4>\n<\/td>\n<td style=\"width: 25%; text-align: center;\" colspan=\"2\">\n<h4>II Concurso de decoraci\u00f3n \u00abLos Molinos en amarillo\u00bb<\/h4>\n<h4><\/h4>\n<\/td>\n<\/tr>\n<tr>\n<td style=\"width: 50%;\">\n<ul>\n<li>\n<p style=\"text-align: left;\"><a href=\"\/wp-content\/uploads\/2022\/04\/CARTEL-CONCIERTOS-NOTAS-DE-LA-PRIMAVERA_compressed.pdf\" target=\"_blank\" rel=\"noopener noreferrer\">Concierto Notas de Primavera<\/a><\/p>\n<\/li>\n<li style=\"text-align: left;\">\n<p style=\"text-align: left;\"><a href=\"\/wp-content\/uploads\/2022\/04\/CARTEL-SALIDA-SENDERISMO-CABALLO-CAMBRONO_compressed.pdf\" target=\"_blank\" rel=\"noopener noreferrer\">Ruta del cambro\u00f1o senderismo + caballo<\/a><\/p>\n<\/li>\n<li style=\"text-align: left;\">\n<p style=\"text-align: left;\"><a style=\"font-family: inherit; font-size: inherit;\" href=\"\/wp-content\/uploads\/2022\/04\/CARTEL-SALIDA-CABALLO-SENDERISMO-CAMBRONO_compressed.pdf\" target=\"_blank\" rel=\"noopener noreferrer\">Ruta del cambro\u00f1o caballo + senderismo<\/a><\/p>\n<\/li>\n<li style=\"text-align: left;\"><a href=\"\/wp-content\/uploads\/2022\/04\/CARTEL-PROGRAMA-CICLO-DE-CONFERENCIAS_compressed.pdf\" target=\"_blank\" rel=\"noopener noreferrer\">Ciclo de Conferencias<\/a><\/li>\n<li style=\"text-align: left;\"><a href=\"\/wp-content\/uploads\/2022\/04\/CARTEL-SALIDAS-EN-BICI.pdf\" target=\"_blank\" rel=\"noopener noreferrer\">Ruta del cambro\u00f1o en bicicleta<\/a><\/li>\n<li style=\"text-align: left;\"><a href=\"\/wp-content\/uploads\/2022\/04\/CARTEL-SALIDA-POPULAR-CICLISTA.pdf\" target=\"_blank\" rel=\"noopener noreferrer\">Salida popular ciclista<\/a><\/li>\n<li style=\"text-align: left;\"><a href=\"\/wp-content\/uploads\/2022\/04\/CARTEL-GLOBO-CAUTIVO.pdf\" target=\"_blank\" rel=\"noopener noreferrer\">\u00bfQuieres ver el cambro\u00f1o desde el cielo? Rutas en globo<\/a><\/li>\n<\/ul>\n<\/td>\n<td style=\"width: 25%; vertical-align: top;\">\n<ul>\n<li style=\"text-align: left;\"><a href=\"https:\/\/www.ayuntamiento-losmolinos.es\/wp-content\/uploads\/2022\/02\/II-CONCURSO-DE-DECORACION-LOS-MOLINOS-EN-AMARILLO.pdf\" target=\"_blank\" rel=\"noopener noreferrer\">Bases del concurso<\/a><\/li>\n<li style=\"text-align: left;\"><a href=\"https:\/\/forms.gle\/Ag8UFCUQjfQMSBMg7\" target=\"_blank\" rel=\"noopener noreferrer\">Inscripci\u00f3n<\/a><\/li>\n<\/ul>\n<\/td>\n<td style=\"width: 25%;\"><a href=\"https:\/\/www.ayuntamiento-losmolinos.es\/wp-content\/uploads\/2022\/05\/cartel-carteles-ganadores-21-22-divino-maestro.jpg\"><img loading=\"lazy\" decoding=\"async\" class=\"aligncenter wp-image-20803\" src=\"https:\/\/www.ayuntamiento-losmolinos.es\/wp-content\/uploads\/2022\/05\/cartel-carteles-ganadores-21-22-divino-maestro.jpg\" alt=\"\" width=\"188\" height=\"266\" srcset=\"https:\/\/www.ayuntamiento-losmolinos.es\/wp-content\/uploads\/2022\/05\/cartel-carteles-ganadores-21-22-divino-maestro.jpg 1587w, https:\/\/www.ayuntamiento-losmolinos.es\/wp-content\/uploads\/2022\/05\/cartel-carteles-ganadores-21-22-divino-maestro-212x300.jpg 212w, https:\/\/www.ayuntamiento-losmolinos.es\/wp-content\/uploads\/2022\/05\/cartel-carteles-ganadores-21-22-divino-maestro-724x1024.jpg 724w, https:\/\/www.ayuntamiento-losmolinos.es\/wp-content\/uploads\/2022\/05\/cartel-carteles-ganadores-21-22-divino-maestro-768x1086.jpg 768w, https:\/\/www.ayuntamiento-losmolinos.es\/wp-content\/uploads\/2022\/05\/cartel-carteles-ganadores-21-22-divino-maestro-1086x1536.jpg 1086w, https:\/\/www.ayuntamiento-losmolinos.es\/wp-content\/uploads\/2022\/05\/cartel-carteles-ganadores-21-22-divino-maestro-1448x2048.jpg 1448w, https:\/\/www.ayuntamiento-losmolinos.es\/wp-content\/uploads\/2022\/05\/cartel-carteles-ganadores-21-22-divino-maestro-103x146.jpg 103w, https:\/\/www.ayuntamiento-losmolinos.es\/wp-content\/uploads\/2022\/05\/cartel-carteles-ganadores-21-22-divino-maestro-35x50.jpg 35w, https:\/\/www.ayuntamiento-losmolinos.es\/wp-content\/uploads\/2022\/05\/cartel-carteles-ganadores-21-22-divino-maestro-53x75.jpg 53w\" sizes=\"auto, (max-width: 188px) 100vw, 188px\" \/><\/a><\/td>\n<\/tr>\n<tr>\n<td style=\"width: 50%; vertical-align: top;\">\n<h5><span class=\"x__1mf x__1mj\">Ganadores II Concurso de decoraci\u00f3n \u00abLos Molinos en amarillo\u00bb?<\/span><\/h5>\n<div>\n<div class=\"x__1mf x__1mj\"><span style=\"font-family: inherit; font-size: inherit;\">?Categor\u00eda residentes:<\/span><\/div>\n<\/div>\n<div>\n<div class=\"x__1mf x__1mj\">Primer premio\u27a1 Araceli P\u00e9rez Juzgado<\/div>\n<\/div>\n<div>\n<div class=\"x__1mf x__1mj\">Segundo premio\u27a1 Sabrina M\u00e9ndez Dom\u00ednguez<\/div>\n<\/div>\n<div>\n<div class=\"x__1mf x__1mj\">Tercer premio\u27a1 Pilar Barrios Jim\u00e9nez<\/div>\n<\/div>\n<div>\n<div class=\"x__1mf x__1mj\"><\/div>\n<\/div>\n<div>\n<div class=\"x__1mf x__1mj\">?Categor\u00eda comercios:<\/div>\n<\/div>\n<div>\n<div class=\"x__1mf x__1mj\">Primer premio\u27a1 Loter\u00eda y papeler\u00eda Do\u00f1a Amparo<\/div>\n<\/div>\n<div>\n<div class=\"x__1mf x__1mj\">Segundo premio\u27a1 Supermercados Hiber<\/div>\n<\/div>\n<div>\n<div class=\"x__1mf x__1mj\">Tercer premio\u27a1 Panader\u00eda Juan Alonso<\/div>\n<\/div>\n<div>\n<div class=\"x__1mf x__1mj\"><\/div>\n<\/div>\n<div>\n<div class=\"x__1mf x__1mj\">? Categor\u00eda centros educativos:<\/div>\n<\/div>\n<div>\n<div class=\"x__1mf x__1mj\">Escuela infantil Nuestra Se\u00f1ora de F\u00e1tima<\/div>\n<\/div>\n<div>\n<div class=\"x__1mf x__1mj\">\n<p>Escuela infantil \u00abValle de Luz\u00bb<\/p>\n<hr \/>\n<\/div>\n<\/div>\n<div>\n<div class=\"x__1mf x__1mj\"><\/div>\n<\/div>\n<h5>Actas de formaci\u00f3n y fallo del jurado<\/h5>\n<div>\n<ul>\n<li style=\"text-align: left;\"><a href=\"\/wp-content\/uploads\/2022\/05\/ACTA-RESIDENTES.pdf\" target=\"_blank\" rel=\"noopener noreferrer\">Ganador categor\u00eda residentes<\/a><\/li>\n<li style=\"text-align: left;\"><a href=\"\/wp-content\/uploads\/2022\/05\/ACTA-COMERCIOS.pdf\" target=\"_blank\" rel=\"noopener noreferrer\">Ganador categor\u00eda comercios<\/a><\/li>\n<li style=\"text-align: left;\"><a href=\"\/wp-content\/uploads\/2022\/05\/ACTA-CENTROS-EDUCATIVOS.pdf\" target=\"_blank\" rel=\"noopener noreferrer\">Ganador categor\u00eda Centros Educativos<\/a><\/li>\n<\/ul>\n<\/div>\n<\/td>\n<td style=\"width: 25%;\" colspan=\"2\"><div id='gallery-1' class='gallery galleryid-19981 gallery-columns-5 gallery-size-full'><figure class='gallery-item'>\n\t\t\t<div class='gallery-icon landscape'>\n\t\t\t\t<a href='https:\/\/www.ayuntamiento-losmolinos.es\/wp-content\/uploads\/2022\/05\/PELUQUERIA-COLOR-COMERCIO-min-scaled.jpg'><img loading=\"lazy\" decoding=\"async\" width=\"2560\" height=\"1920\" src=\"https:\/\/www.ayuntamiento-losmolinos.es\/wp-content\/uploads\/2022\/05\/PELUQUERIA-COLOR-COMERCIO-min-scaled.jpg\" class=\"attachment-full size-full\" alt=\"\" srcset=\"https:\/\/www.ayuntamiento-losmolinos.es\/wp-content\/uploads\/2022\/05\/PELUQUERIA-COLOR-COMERCIO-min-scaled.jpg 2560w, https:\/\/www.ayuntamiento-losmolinos.es\/wp-content\/uploads\/2022\/05\/PELUQUERIA-COLOR-COMERCIO-min-300x225.jpg 300w, https:\/\/www.ayuntamiento-losmolinos.es\/wp-content\/uploads\/2022\/05\/PELUQUERIA-COLOR-COMERCIO-min-1024x768.jpg 1024w, https:\/\/www.ayuntamiento-losmolinos.es\/wp-content\/uploads\/2022\/05\/PELUQUERIA-COLOR-COMERCIO-min-768x576.jpg 768w, https:\/\/www.ayuntamiento-losmolinos.es\/wp-content\/uploads\/2022\/05\/PELUQUERIA-COLOR-COMERCIO-min-1536x1152.jpg 1536w, https:\/\/www.ayuntamiento-losmolinos.es\/wp-content\/uploads\/2022\/05\/PELUQUERIA-COLOR-COMERCIO-min-2048x1536.jpg 2048w, https:\/\/www.ayuntamiento-losmolinos.es\/wp-content\/uploads\/2022\/05\/PELUQUERIA-COLOR-COMERCIO-min-195x146.jpg 195w, https:\/\/www.ayuntamiento-losmolinos.es\/wp-content\/uploads\/2022\/05\/PELUQUERIA-COLOR-COMERCIO-min-50x38.jpg 50w, https:\/\/www.ayuntamiento-losmolinos.es\/wp-content\/uploads\/2022\/05\/PELUQUERIA-COLOR-COMERCIO-min-100x75.jpg 100w\" sizes=\"auto, (max-width: 2560px) 100vw, 2560px\" \/><\/a>\n\t\t\t<\/div><\/figure><figure class='gallery-item'>\n\t\t\t<div class='gallery-icon landscape'>\n\t\t\t\t<a href='https:\/\/www.ayuntamiento-losmolinos.es\/wp-content\/uploads\/2022\/05\/PAPELERIA-DNA-AMPARO-COMERCIO-min-scaled.jpg'><img loading=\"lazy\" decoding=\"async\" width=\"2560\" height=\"1920\" src=\"https:\/\/www.ayuntamiento-losmolinos.es\/wp-content\/uploads\/2022\/05\/PAPELERIA-DNA-AMPARO-COMERCIO-min-scaled.jpg\" class=\"attachment-full size-full\" alt=\"\" srcset=\"https:\/\/www.ayuntamiento-losmolinos.es\/wp-content\/uploads\/2022\/05\/PAPELERIA-DNA-AMPARO-COMERCIO-min-scaled.jpg 2560w, https:\/\/www.ayuntamiento-losmolinos.es\/wp-content\/uploads\/2022\/05\/PAPELERIA-DNA-AMPARO-COMERCIO-min-300x225.jpg 300w, https:\/\/www.ayuntamiento-losmolinos.es\/wp-content\/uploads\/2022\/05\/PAPELERIA-DNA-AMPARO-COMERCIO-min-1024x768.jpg 1024w, https:\/\/www.ayuntamiento-losmolinos.es\/wp-content\/uploads\/2022\/05\/PAPELERIA-DNA-AMPARO-COMERCIO-min-768x576.jpg 768w, https:\/\/www.ayuntamiento-losmolinos.es\/wp-content\/uploads\/2022\/05\/PAPELERIA-DNA-AMPARO-COMERCIO-min-1536x1152.jpg 1536w, https:\/\/www.ayuntamiento-losmolinos.es\/wp-content\/uploads\/2022\/05\/PAPELERIA-DNA-AMPARO-COMERCIO-min-2048x1536.jpg 2048w, https:\/\/www.ayuntamiento-losmolinos.es\/wp-content\/uploads\/2022\/05\/PAPELERIA-DNA-AMPARO-COMERCIO-min-195x146.jpg 195w, https:\/\/www.ayuntamiento-losmolinos.es\/wp-content\/uploads\/2022\/05\/PAPELERIA-DNA-AMPARO-COMERCIO-min-50x38.jpg 50w, https:\/\/www.ayuntamiento-losmolinos.es\/wp-content\/uploads\/2022\/05\/PAPELERIA-DNA-AMPARO-COMERCIO-min-100x75.jpg 100w\" sizes=\"auto, (max-width: 2560px) 100vw, 2560px\" \/><\/a>\n\t\t\t<\/div><\/figure><figure class='gallery-item'>\n\t\t\t<div class='gallery-icon landscape'>\n\t\t\t\t<a href='https:\/\/www.ayuntamiento-losmolinos.es\/wp-content\/uploads\/2022\/05\/PANADERIA-JUAN-ALONSO-3-COMERCIO-min-scaled.jpg'><img loading=\"lazy\" decoding=\"async\" width=\"2560\" height=\"1920\" src=\"https:\/\/www.ayuntamiento-losmolinos.es\/wp-content\/uploads\/2022\/05\/PANADERIA-JUAN-ALONSO-3-COMERCIO-min-scaled.jpg\" class=\"attachment-full size-full\" alt=\"\" srcset=\"https:\/\/www.ayuntamiento-losmolinos.es\/wp-content\/uploads\/2022\/05\/PANADERIA-JUAN-ALONSO-3-COMERCIO-min-scaled.jpg 2560w, https:\/\/www.ayuntamiento-losmolinos.es\/wp-content\/uploads\/2022\/05\/PANADERIA-JUAN-ALONSO-3-COMERCIO-min-300x225.jpg 300w, https:\/\/www.ayuntamiento-losmolinos.es\/wp-content\/uploads\/2022\/05\/PANADERIA-JUAN-ALONSO-3-COMERCIO-min-1024x768.jpg 1024w, https:\/\/www.ayuntamiento-losmolinos.es\/wp-content\/uploads\/2022\/05\/PANADERIA-JUAN-ALONSO-3-COMERCIO-min-768x576.jpg 768w, https:\/\/www.ayuntamiento-losmolinos.es\/wp-content\/uploads\/2022\/05\/PANADERIA-JUAN-ALONSO-3-COMERCIO-min-1536x1152.jpg 1536w, https:\/\/www.ayuntamiento-losmolinos.es\/wp-content\/uploads\/2022\/05\/PANADERIA-JUAN-ALONSO-3-COMERCIO-min-2048x1536.jpg 2048w, https:\/\/www.ayuntamiento-losmolinos.es\/wp-content\/uploads\/2022\/05\/PANADERIA-JUAN-ALONSO-3-COMERCIO-min-195x146.jpg 195w, https:\/\/www.ayuntamiento-losmolinos.es\/wp-content\/uploads\/2022\/05\/PANADERIA-JUAN-ALONSO-3-COMERCIO-min-50x38.jpg 50w, https:\/\/www.ayuntamiento-losmolinos.es\/wp-content\/uploads\/2022\/05\/PANADERIA-JUAN-ALONSO-3-COMERCIO-min-100x75.jpg 100w\" sizes=\"auto, (max-width: 2560px) 100vw, 2560px\" \/><\/a>\n\t\t\t<\/div><\/figure><figure class='gallery-item'>\n\t\t\t<div class='gallery-icon landscape'>\n\t\t\t\t<a href='https:\/\/www.ayuntamiento-losmolinos.es\/wp-content\/uploads\/2022\/05\/PANADERIA-JUAN-ALONSO-2-COMERCIO-min-scaled.jpg'><img loading=\"lazy\" decoding=\"async\" width=\"2560\" height=\"1920\" src=\"https:\/\/www.ayuntamiento-losmolinos.es\/wp-content\/uploads\/2022\/05\/PANADERIA-JUAN-ALONSO-2-COMERCIO-min-scaled.jpg\" class=\"attachment-full size-full\" alt=\"\" srcset=\"https:\/\/www.ayuntamiento-losmolinos.es\/wp-content\/uploads\/2022\/05\/PANADERIA-JUAN-ALONSO-2-COMERCIO-min-scaled.jpg 2560w, https:\/\/www.ayuntamiento-losmolinos.es\/wp-content\/uploads\/2022\/05\/PANADERIA-JUAN-ALONSO-2-COMERCIO-min-300x225.jpg 300w, https:\/\/www.ayuntamiento-losmolinos.es\/wp-content\/uploads\/2022\/05\/PANADERIA-JUAN-ALONSO-2-COMERCIO-min-1024x768.jpg 1024w, https:\/\/www.ayuntamiento-losmolinos.es\/wp-content\/uploads\/2022\/05\/PANADERIA-JUAN-ALONSO-2-COMERCIO-min-768x576.jpg 768w, https:\/\/www.ayuntamiento-losmolinos.es\/wp-content\/uploads\/2022\/05\/PANADERIA-JUAN-ALONSO-2-COMERCIO-min-1536x1152.jpg 1536w, https:\/\/www.ayuntamiento-losmolinos.es\/wp-content\/uploads\/2022\/05\/PANADERIA-JUAN-ALONSO-2-COMERCIO-min-2048x1536.jpg 2048w, https:\/\/www.ayuntamiento-losmolinos.es\/wp-content\/uploads\/2022\/05\/PANADERIA-JUAN-ALONSO-2-COMERCIO-min-195x146.jpg 195w, https:\/\/www.ayuntamiento-losmolinos.es\/wp-content\/uploads\/2022\/05\/PANADERIA-JUAN-ALONSO-2-COMERCIO-min-50x38.jpg 50w, https:\/\/www.ayuntamiento-losmolinos.es\/wp-content\/uploads\/2022\/05\/PANADERIA-JUAN-ALONSO-2-COMERCIO-min-100x75.jpg 100w\" sizes=\"auto, (max-width: 2560px) 100vw, 2560px\" \/><\/a>\n\t\t\t<\/div><\/figure><figure class='gallery-item'>\n\t\t\t<div class='gallery-icon landscape'>\n\t\t\t\t<a href='https:\/\/www.ayuntamiento-losmolinos.es\/wp-content\/uploads\/2022\/05\/PANADERIA-JUAN-ALONSO-1-COMERCIO-min-scaled.jpg'><img loading=\"lazy\" decoding=\"async\" width=\"2560\" height=\"1920\" src=\"https:\/\/www.ayuntamiento-losmolinos.es\/wp-content\/uploads\/2022\/05\/PANADERIA-JUAN-ALONSO-1-COMERCIO-min-scaled.jpg\" class=\"attachment-full size-full\" alt=\"\" srcset=\"https:\/\/www.ayuntamiento-losmolinos.es\/wp-content\/uploads\/2022\/05\/PANADERIA-JUAN-ALONSO-1-COMERCIO-min-scaled.jpg 2560w, https:\/\/www.ayuntamiento-losmolinos.es\/wp-content\/uploads\/2022\/05\/PANADERIA-JUAN-ALONSO-1-COMERCIO-min-300x225.jpg 300w, https:\/\/www.ayuntamiento-losmolinos.es\/wp-content\/uploads\/2022\/05\/PANADERIA-JUAN-ALONSO-1-COMERCIO-min-1024x768.jpg 1024w, https:\/\/www.ayuntamiento-losmolinos.es\/wp-content\/uploads\/2022\/05\/PANADERIA-JUAN-ALONSO-1-COMERCIO-min-768x576.jpg 768w, https:\/\/www.ayuntamiento-losmolinos.es\/wp-content\/uploads\/2022\/05\/PANADERIA-JUAN-ALONSO-1-COMERCIO-min-1536x1152.jpg 1536w, https:\/\/www.ayuntamiento-losmolinos.es\/wp-content\/uploads\/2022\/05\/PANADERIA-JUAN-ALONSO-1-COMERCIO-min-2048x1536.jpg 2048w, https:\/\/www.ayuntamiento-losmolinos.es\/wp-content\/uploads\/2022\/05\/PANADERIA-JUAN-ALONSO-1-COMERCIO-min-195x146.jpg 195w, https:\/\/www.ayuntamiento-losmolinos.es\/wp-content\/uploads\/2022\/05\/PANADERIA-JUAN-ALONSO-1-COMERCIO-min-50x38.jpg 50w, https:\/\/www.ayuntamiento-losmolinos.es\/wp-content\/uploads\/2022\/05\/PANADERIA-JUAN-ALONSO-1-COMERCIO-min-100x75.jpg 100w\" sizes=\"auto, (max-width: 2560px) 100vw, 2560px\" \/><\/a>\n\t\t\t<\/div><\/figure><figure class='gallery-item'>\n\t\t\t<div class='gallery-icon landscape'>\n\t\t\t\t<a href='https:\/\/www.ayuntamiento-losmolinos.es\/wp-content\/uploads\/2022\/05\/HIBER-2-COMERCIO-min-scaled.jpg'><img loading=\"lazy\" decoding=\"async\" width=\"2560\" height=\"1920\" src=\"https:\/\/www.ayuntamiento-losmolinos.es\/wp-content\/uploads\/2022\/05\/HIBER-2-COMERCIO-min-scaled.jpg\" class=\"attachment-full size-full\" alt=\"\" srcset=\"https:\/\/www.ayuntamiento-losmolinos.es\/wp-content\/uploads\/2022\/05\/HIBER-2-COMERCIO-min-scaled.jpg 2560w, https:\/\/www.ayuntamiento-losmolinos.es\/wp-content\/uploads\/2022\/05\/HIBER-2-COMERCIO-min-300x225.jpg 300w, https:\/\/www.ayuntamiento-losmolinos.es\/wp-content\/uploads\/2022\/05\/HIBER-2-COMERCIO-min-1024x768.jpg 1024w, https:\/\/www.ayuntamiento-losmolinos.es\/wp-content\/uploads\/2022\/05\/HIBER-2-COMERCIO-min-768x576.jpg 768w, https:\/\/www.ayuntamiento-losmolinos.es\/wp-content\/uploads\/2022\/05\/HIBER-2-COMERCIO-min-1536x1152.jpg 1536w, https:\/\/www.ayuntamiento-losmolinos.es\/wp-content\/uploads\/2022\/05\/HIBER-2-COMERCIO-min-2048x1536.jpg 2048w, https:\/\/www.ayuntamiento-losmolinos.es\/wp-content\/uploads\/2022\/05\/HIBER-2-COMERCIO-min-195x146.jpg 195w, https:\/\/www.ayuntamiento-losmolinos.es\/wp-content\/uploads\/2022\/05\/HIBER-2-COMERCIO-min-50x38.jpg 50w, https:\/\/www.ayuntamiento-losmolinos.es\/wp-content\/uploads\/2022\/05\/HIBER-2-COMERCIO-min-100x75.jpg 100w\" sizes=\"auto, (max-width: 2560px) 100vw, 2560px\" \/><\/a>\n\t\t\t<\/div><\/figure><figure class='gallery-item'>\n\t\t\t<div class='gallery-icon landscape'>\n\t\t\t\t<a href='https:\/\/www.ayuntamiento-losmolinos.es\/wp-content\/uploads\/2022\/05\/HIBER-1-COMERCIO-min-scaled.jpg'><img loading=\"lazy\" decoding=\"async\" width=\"2560\" height=\"1920\" src=\"https:\/\/www.ayuntamiento-losmolinos.es\/wp-content\/uploads\/2022\/05\/HIBER-1-COMERCIO-min-scaled.jpg\" class=\"attachment-full size-full\" alt=\"\" srcset=\"https:\/\/www.ayuntamiento-losmolinos.es\/wp-content\/uploads\/2022\/05\/HIBER-1-COMERCIO-min-scaled.jpg 2560w, https:\/\/www.ayuntamiento-losmolinos.es\/wp-content\/uploads\/2022\/05\/HIBER-1-COMERCIO-min-300x225.jpg 300w, https:\/\/www.ayuntamiento-losmolinos.es\/wp-content\/uploads\/2022\/05\/HIBER-1-COMERCIO-min-1024x768.jpg 1024w, https:\/\/www.ayuntamiento-losmolinos.es\/wp-content\/uploads\/2022\/05\/HIBER-1-COMERCIO-min-768x576.jpg 768w, https:\/\/www.ayuntamiento-losmolinos.es\/wp-content\/uploads\/2022\/05\/HIBER-1-COMERCIO-min-1536x1152.jpg 1536w, https:\/\/www.ayuntamiento-losmolinos.es\/wp-content\/uploads\/2022\/05\/HIBER-1-COMERCIO-min-2048x1536.jpg 2048w, https:\/\/www.ayuntamiento-losmolinos.es\/wp-content\/uploads\/2022\/05\/HIBER-1-COMERCIO-min-195x146.jpg 195w, https:\/\/www.ayuntamiento-losmolinos.es\/wp-content\/uploads\/2022\/05\/HIBER-1-COMERCIO-min-50x38.jpg 50w, https:\/\/www.ayuntamiento-losmolinos.es\/wp-content\/uploads\/2022\/05\/HIBER-1-COMERCIO-min-100x75.jpg 100w\" sizes=\"auto, (max-width: 2560px) 100vw, 2560px\" \/><\/a>\n\t\t\t<\/div><\/figure><figure class='gallery-item'>\n\t\t\t<div class='gallery-icon landscape'>\n\t\t\t\t<a href='https:\/\/www.ayuntamiento-losmolinos.es\/wp-content\/uploads\/2022\/05\/FERRETERIA-PARTIDA-2-COMERCIO-min-scaled.jpg'><img loading=\"lazy\" decoding=\"async\" width=\"2560\" height=\"1920\" src=\"https:\/\/www.ayuntamiento-losmolinos.es\/wp-content\/uploads\/2022\/05\/FERRETERIA-PARTIDA-2-COMERCIO-min-scaled.jpg\" class=\"attachment-full size-full\" alt=\"\" srcset=\"https:\/\/www.ayuntamiento-losmolinos.es\/wp-content\/uploads\/2022\/05\/FERRETERIA-PARTIDA-2-COMERCIO-min-scaled.jpg 2560w, https:\/\/www.ayuntamiento-losmolinos.es\/wp-content\/uploads\/2022\/05\/FERRETERIA-PARTIDA-2-COMERCIO-min-300x225.jpg 300w, https:\/\/www.ayuntamiento-losmolinos.es\/wp-content\/uploads\/2022\/05\/FERRETERIA-PARTIDA-2-COMERCIO-min-1024x768.jpg 1024w, https:\/\/www.ayuntamiento-losmolinos.es\/wp-content\/uploads\/2022\/05\/FERRETERIA-PARTIDA-2-COMERCIO-min-768x576.jpg 768w, https:\/\/www.ayuntamiento-losmolinos.es\/wp-content\/uploads\/2022\/05\/FERRETERIA-PARTIDA-2-COMERCIO-min-1536x1152.jpg 1536w, https:\/\/www.ayuntamiento-losmolinos.es\/wp-content\/uploads\/2022\/05\/FERRETERIA-PARTIDA-2-COMERCIO-min-2048x1536.jpg 2048w, https:\/\/www.ayuntamiento-losmolinos.es\/wp-content\/uploads\/2022\/05\/FERRETERIA-PARTIDA-2-COMERCIO-min-195x146.jpg 195w, https:\/\/www.ayuntamiento-losmolinos.es\/wp-content\/uploads\/2022\/05\/FERRETERIA-PARTIDA-2-COMERCIO-min-50x38.jpg 50w, https:\/\/www.ayuntamiento-losmolinos.es\/wp-content\/uploads\/2022\/05\/FERRETERIA-PARTIDA-2-COMERCIO-min-100x75.jpg 100w\" sizes=\"auto, (max-width: 2560px) 100vw, 2560px\" \/><\/a>\n\t\t\t<\/div><\/figure><figure class='gallery-item'>\n\t\t\t<div class='gallery-icon landscape'>\n\t\t\t\t<a href='https:\/\/www.ayuntamiento-losmolinos.es\/wp-content\/uploads\/2022\/05\/FERRETERIA-PARTIDA-1-COMERCIO-min-scaled.jpg'><img loading=\"lazy\" decoding=\"async\" width=\"2560\" height=\"1920\" src=\"https:\/\/www.ayuntamiento-losmolinos.es\/wp-content\/uploads\/2022\/05\/FERRETERIA-PARTIDA-1-COMERCIO-min-scaled.jpg\" class=\"attachment-full size-full\" alt=\"\" srcset=\"https:\/\/www.ayuntamiento-losmolinos.es\/wp-content\/uploads\/2022\/05\/FERRETERIA-PARTIDA-1-COMERCIO-min-scaled.jpg 2560w, https:\/\/www.ayuntamiento-losmolinos.es\/wp-content\/uploads\/2022\/05\/FERRETERIA-PARTIDA-1-COMERCIO-min-300x225.jpg 300w, https:\/\/www.ayuntamiento-losmolinos.es\/wp-content\/uploads\/2022\/05\/FERRETERIA-PARTIDA-1-COMERCIO-min-1024x768.jpg 1024w, https:\/\/www.ayuntamiento-losmolinos.es\/wp-content\/uploads\/2022\/05\/FERRETERIA-PARTIDA-1-COMERCIO-min-768x576.jpg 768w, https:\/\/www.ayuntamiento-losmolinos.es\/wp-content\/uploads\/2022\/05\/FERRETERIA-PARTIDA-1-COMERCIO-min-1536x1152.jpg 1536w, https:\/\/www.ayuntamiento-losmolinos.es\/wp-content\/uploads\/2022\/05\/FERRETERIA-PARTIDA-1-COMERCIO-min-2048x1536.jpg 2048w, https:\/\/www.ayuntamiento-losmolinos.es\/wp-content\/uploads\/2022\/05\/FERRETERIA-PARTIDA-1-COMERCIO-min-195x146.jpg 195w, https:\/\/www.ayuntamiento-losmolinos.es\/wp-content\/uploads\/2022\/05\/FERRETERIA-PARTIDA-1-COMERCIO-min-50x38.jpg 50w, https:\/\/www.ayuntamiento-losmolinos.es\/wp-content\/uploads\/2022\/05\/FERRETERIA-PARTIDA-1-COMERCIO-min-100x75.jpg 100w\" sizes=\"auto, (max-width: 2560px) 100vw, 2560px\" \/><\/a>\n\t\t\t<\/div><\/figure><figure class='gallery-item'>\n\t\t\t<div class='gallery-icon landscape'>\n\t\t\t\t<a href='https:\/\/www.ayuntamiento-losmolinos.es\/wp-content\/uploads\/2022\/05\/ESCUELA-INFANTIL-VALLE-DE-LUZ-CENTRO-EDUCATIVO-min-scaled.jpg'><img loading=\"lazy\" decoding=\"async\" width=\"2560\" height=\"1920\" src=\"https:\/\/www.ayuntamiento-losmolinos.es\/wp-content\/uploads\/2022\/05\/ESCUELA-INFANTIL-VALLE-DE-LUZ-CENTRO-EDUCATIVO-min-scaled.jpg\" class=\"attachment-full size-full\" alt=\"\" srcset=\"https:\/\/www.ayuntamiento-losmolinos.es\/wp-content\/uploads\/2022\/05\/ESCUELA-INFANTIL-VALLE-DE-LUZ-CENTRO-EDUCATIVO-min-scaled.jpg 2560w, https:\/\/www.ayuntamiento-losmolinos.es\/wp-content\/uploads\/2022\/05\/ESCUELA-INFANTIL-VALLE-DE-LUZ-CENTRO-EDUCATIVO-min-300x225.jpg 300w, https:\/\/www.ayuntamiento-losmolinos.es\/wp-content\/uploads\/2022\/05\/ESCUELA-INFANTIL-VALLE-DE-LUZ-CENTRO-EDUCATIVO-min-1024x768.jpg 1024w, https:\/\/www.ayuntamiento-losmolinos.es\/wp-content\/uploads\/2022\/05\/ESCUELA-INFANTIL-VALLE-DE-LUZ-CENTRO-EDUCATIVO-min-768x576.jpg 768w, https:\/\/www.ayuntamiento-losmolinos.es\/wp-content\/uploads\/2022\/05\/ESCUELA-INFANTIL-VALLE-DE-LUZ-CENTRO-EDUCATIVO-min-1536x1152.jpg 1536w, https:\/\/www.ayuntamiento-losmolinos.es\/wp-content\/uploads\/2022\/05\/ESCUELA-INFANTIL-VALLE-DE-LUZ-CENTRO-EDUCATIVO-min-2048x1536.jpg 2048w, https:\/\/www.ayuntamiento-losmolinos.es\/wp-content\/uploads\/2022\/05\/ESCUELA-INFANTIL-VALLE-DE-LUZ-CENTRO-EDUCATIVO-min-195x146.jpg 195w, https:\/\/www.ayuntamiento-losmolinos.es\/wp-content\/uploads\/2022\/05\/ESCUELA-INFANTIL-VALLE-DE-LUZ-CENTRO-EDUCATIVO-min-50x38.jpg 50w, https:\/\/www.ayuntamiento-losmolinos.es\/wp-content\/uploads\/2022\/05\/ESCUELA-INFANTIL-VALLE-DE-LUZ-CENTRO-EDUCATIVO-min-100x75.jpg 100w\" sizes=\"auto, (max-width: 2560px) 100vw, 2560px\" \/><\/a>\n\t\t\t<\/div><\/figure><figure class='gallery-item'>\n\t\t\t<div class='gallery-icon landscape'>\n\t\t\t\t<a href='https:\/\/www.ayuntamiento-losmolinos.es\/wp-content\/uploads\/2022\/05\/ESCUELA-INFANTIL-NTRA-SRA-DE-FATIMA-CENTRO-EDUCATIVO-min-scaled.jpg'><img loading=\"lazy\" decoding=\"async\" width=\"2560\" height=\"1920\" src=\"https:\/\/www.ayuntamiento-losmolinos.es\/wp-content\/uploads\/2022\/05\/ESCUELA-INFANTIL-NTRA-SRA-DE-FATIMA-CENTRO-EDUCATIVO-min-scaled.jpg\" class=\"attachment-full size-full\" alt=\"\" srcset=\"https:\/\/www.ayuntamiento-losmolinos.es\/wp-content\/uploads\/2022\/05\/ESCUELA-INFANTIL-NTRA-SRA-DE-FATIMA-CENTRO-EDUCATIVO-min-scaled.jpg 2560w, https:\/\/www.ayuntamiento-losmolinos.es\/wp-content\/uploads\/2022\/05\/ESCUELA-INFANTIL-NTRA-SRA-DE-FATIMA-CENTRO-EDUCATIVO-min-300x225.jpg 300w, https:\/\/www.ayuntamiento-losmolinos.es\/wp-content\/uploads\/2022\/05\/ESCUELA-INFANTIL-NTRA-SRA-DE-FATIMA-CENTRO-EDUCATIVO-min-1024x768.jpg 1024w, https:\/\/www.ayuntamiento-losmolinos.es\/wp-content\/uploads\/2022\/05\/ESCUELA-INFANTIL-NTRA-SRA-DE-FATIMA-CENTRO-EDUCATIVO-min-768x576.jpg 768w, https:\/\/www.ayuntamiento-losmolinos.es\/wp-content\/uploads\/2022\/05\/ESCUELA-INFANTIL-NTRA-SRA-DE-FATIMA-CENTRO-EDUCATIVO-min-1536x1152.jpg 1536w, https:\/\/www.ayuntamiento-losmolinos.es\/wp-content\/uploads\/2022\/05\/ESCUELA-INFANTIL-NTRA-SRA-DE-FATIMA-CENTRO-EDUCATIVO-min-2048x1536.jpg 2048w, https:\/\/www.ayuntamiento-losmolinos.es\/wp-content\/uploads\/2022\/05\/ESCUELA-INFANTIL-NTRA-SRA-DE-FATIMA-CENTRO-EDUCATIVO-min-195x146.jpg 195w, https:\/\/www.ayuntamiento-losmolinos.es\/wp-content\/uploads\/2022\/05\/ESCUELA-INFANTIL-NTRA-SRA-DE-FATIMA-CENTRO-EDUCATIVO-min-50x38.jpg 50w, https:\/\/www.ayuntamiento-losmolinos.es\/wp-content\/uploads\/2022\/05\/ESCUELA-INFANTIL-NTRA-SRA-DE-FATIMA-CENTRO-EDUCATIVO-min-100x75.jpg 100w\" sizes=\"auto, (max-width: 2560px) 100vw, 2560px\" \/><\/a>\n\t\t\t<\/div><\/figure><figure class='gallery-item'>\n\t\t\t<div class='gallery-icon landscape'>\n\t\t\t\t<a href='https:\/\/www.ayuntamiento-losmolinos.es\/wp-content\/uploads\/2022\/05\/DESTILERIA-MONTI-2-COMERCIO-min-scaled.jpg'><img loading=\"lazy\" decoding=\"async\" width=\"2560\" height=\"1920\" src=\"https:\/\/www.ayuntamiento-losmolinos.es\/wp-content\/uploads\/2022\/05\/DESTILERIA-MONTI-2-COMERCIO-min-scaled.jpg\" class=\"attachment-full size-full\" alt=\"\" srcset=\"https:\/\/www.ayuntamiento-losmolinos.es\/wp-content\/uploads\/2022\/05\/DESTILERIA-MONTI-2-COMERCIO-min-scaled.jpg 2560w, https:\/\/www.ayuntamiento-losmolinos.es\/wp-content\/uploads\/2022\/05\/DESTILERIA-MONTI-2-COMERCIO-min-300x225.jpg 300w, https:\/\/www.ayuntamiento-losmolinos.es\/wp-content\/uploads\/2022\/05\/DESTILERIA-MONTI-2-COMERCIO-min-1024x768.jpg 1024w, https:\/\/www.ayuntamiento-losmolinos.es\/wp-content\/uploads\/2022\/05\/DESTILERIA-MONTI-2-COMERCIO-min-768x576.jpg 768w, https:\/\/www.ayuntamiento-losmolinos.es\/wp-content\/uploads\/2022\/05\/DESTILERIA-MONTI-2-COMERCIO-min-1536x1152.jpg 1536w, https:\/\/www.ayuntamiento-losmolinos.es\/wp-content\/uploads\/2022\/05\/DESTILERIA-MONTI-2-COMERCIO-min-2048x1536.jpg 2048w, https:\/\/www.ayuntamiento-losmolinos.es\/wp-content\/uploads\/2022\/05\/DESTILERIA-MONTI-2-COMERCIO-min-195x146.jpg 195w, https:\/\/www.ayuntamiento-losmolinos.es\/wp-content\/uploads\/2022\/05\/DESTILERIA-MONTI-2-COMERCIO-min-50x38.jpg 50w, https:\/\/www.ayuntamiento-losmolinos.es\/wp-content\/uploads\/2022\/05\/DESTILERIA-MONTI-2-COMERCIO-min-100x75.jpg 100w\" sizes=\"auto, (max-width: 2560px) 100vw, 2560px\" \/><\/a>\n\t\t\t<\/div><\/figure><figure class='gallery-item'>\n\t\t\t<div class='gallery-icon landscape'>\n\t\t\t\t<a href='https:\/\/www.ayuntamiento-losmolinos.es\/wp-content\/uploads\/2022\/05\/DESTILERIA-MONTI-1-COMERCIO-min-scaled.jpg'><img loading=\"lazy\" decoding=\"async\" width=\"2560\" height=\"1920\" src=\"https:\/\/www.ayuntamiento-losmolinos.es\/wp-content\/uploads\/2022\/05\/DESTILERIA-MONTI-1-COMERCIO-min-scaled.jpg\" class=\"attachment-full size-full\" alt=\"\" srcset=\"https:\/\/www.ayuntamiento-losmolinos.es\/wp-content\/uploads\/2022\/05\/DESTILERIA-MONTI-1-COMERCIO-min-scaled.jpg 2560w, https:\/\/www.ayuntamiento-losmolinos.es\/wp-content\/uploads\/2022\/05\/DESTILERIA-MONTI-1-COMERCIO-min-300x225.jpg 300w, https:\/\/www.ayuntamiento-losmolinos.es\/wp-content\/uploads\/2022\/05\/DESTILERIA-MONTI-1-COMERCIO-min-1024x768.jpg 1024w, https:\/\/www.ayuntamiento-losmolinos.es\/wp-content\/uploads\/2022\/05\/DESTILERIA-MONTI-1-COMERCIO-min-768x576.jpg 768w, https:\/\/www.ayuntamiento-losmolinos.es\/wp-content\/uploads\/2022\/05\/DESTILERIA-MONTI-1-COMERCIO-min-1536x1152.jpg 1536w, https:\/\/www.ayuntamiento-losmolinos.es\/wp-content\/uploads\/2022\/05\/DESTILERIA-MONTI-1-COMERCIO-min-2048x1536.jpg 2048w, https:\/\/www.ayuntamiento-losmolinos.es\/wp-content\/uploads\/2022\/05\/DESTILERIA-MONTI-1-COMERCIO-min-195x146.jpg 195w, https:\/\/www.ayuntamiento-losmolinos.es\/wp-content\/uploads\/2022\/05\/DESTILERIA-MONTI-1-COMERCIO-min-50x38.jpg 50w, https:\/\/www.ayuntamiento-losmolinos.es\/wp-content\/uploads\/2022\/05\/DESTILERIA-MONTI-1-COMERCIO-min-100x75.jpg 100w\" sizes=\"auto, (max-width: 2560px) 100vw, 2560px\" \/><\/a>\n\t\t\t<\/div><\/figure><figure class='gallery-item'>\n\t\t\t<div class='gallery-icon landscape'>\n\t\t\t\t<a href='https:\/\/www.ayuntamiento-losmolinos.es\/wp-content\/uploads\/2022\/05\/CARNICERIA-CHARCUTERIA-EL-CENTRO-COMERCIO-min-scaled.jpg'><img loading=\"lazy\" decoding=\"async\" width=\"2560\" height=\"1920\" src=\"https:\/\/www.ayuntamiento-losmolinos.es\/wp-content\/uploads\/2022\/05\/CARNICERIA-CHARCUTERIA-EL-CENTRO-COMERCIO-min-scaled.jpg\" class=\"attachment-full size-full\" alt=\"\" srcset=\"https:\/\/www.ayuntamiento-losmolinos.es\/wp-content\/uploads\/2022\/05\/CARNICERIA-CHARCUTERIA-EL-CENTRO-COMERCIO-min-scaled.jpg 2560w, https:\/\/www.ayuntamiento-losmolinos.es\/wp-content\/uploads\/2022\/05\/CARNICERIA-CHARCUTERIA-EL-CENTRO-COMERCIO-min-300x225.jpg 300w, https:\/\/www.ayuntamiento-losmolinos.es\/wp-content\/uploads\/2022\/05\/CARNICERIA-CHARCUTERIA-EL-CENTRO-COMERCIO-min-1024x768.jpg 1024w, https:\/\/www.ayuntamiento-losmolinos.es\/wp-content\/uploads\/2022\/05\/CARNICERIA-CHARCUTERIA-EL-CENTRO-COMERCIO-min-768x576.jpg 768w, https:\/\/www.ayuntamiento-losmolinos.es\/wp-content\/uploads\/2022\/05\/CARNICERIA-CHARCUTERIA-EL-CENTRO-COMERCIO-min-1536x1152.jpg 1536w, https:\/\/www.ayuntamiento-losmolinos.es\/wp-content\/uploads\/2022\/05\/CARNICERIA-CHARCUTERIA-EL-CENTRO-COMERCIO-min-2048x1536.jpg 2048w, https:\/\/www.ayuntamiento-losmolinos.es\/wp-content\/uploads\/2022\/05\/CARNICERIA-CHARCUTERIA-EL-CENTRO-COMERCIO-min-195x146.jpg 195w, https:\/\/www.ayuntamiento-losmolinos.es\/wp-content\/uploads\/2022\/05\/CARNICERIA-CHARCUTERIA-EL-CENTRO-COMERCIO-min-50x38.jpg 50w, https:\/\/www.ayuntamiento-losmolinos.es\/wp-content\/uploads\/2022\/05\/CARNICERIA-CHARCUTERIA-EL-CENTRO-COMERCIO-min-100x75.jpg 100w\" sizes=\"auto, (max-width: 2560px) 100vw, 2560px\" \/><\/a>\n\t\t\t<\/div><\/figure><figure class='gallery-item'>\n\t\t\t<div class='gallery-icon landscape'>\n\t\t\t\t<a href='https:\/\/www.ayuntamiento-losmolinos.es\/wp-content\/uploads\/2022\/05\/CALLE-VENEROS-7-RESIDENTE-min-scaled.jpg'><img loading=\"lazy\" decoding=\"async\" width=\"2560\" height=\"1920\" src=\"https:\/\/www.ayuntamiento-losmolinos.es\/wp-content\/uploads\/2022\/05\/CALLE-VENEROS-7-RESIDENTE-min-scaled.jpg\" class=\"attachment-full size-full\" alt=\"\" srcset=\"https:\/\/www.ayuntamiento-losmolinos.es\/wp-content\/uploads\/2022\/05\/CALLE-VENEROS-7-RESIDENTE-min-scaled.jpg 2560w, https:\/\/www.ayuntamiento-losmolinos.es\/wp-content\/uploads\/2022\/05\/CALLE-VENEROS-7-RESIDENTE-min-300x225.jpg 300w, https:\/\/www.ayuntamiento-losmolinos.es\/wp-content\/uploads\/2022\/05\/CALLE-VENEROS-7-RESIDENTE-min-1024x768.jpg 1024w, https:\/\/www.ayuntamiento-losmolinos.es\/wp-content\/uploads\/2022\/05\/CALLE-VENEROS-7-RESIDENTE-min-768x576.jpg 768w, https:\/\/www.ayuntamiento-losmolinos.es\/wp-content\/uploads\/2022\/05\/CALLE-VENEROS-7-RESIDENTE-min-1536x1152.jpg 1536w, https:\/\/www.ayuntamiento-losmolinos.es\/wp-content\/uploads\/2022\/05\/CALLE-VENEROS-7-RESIDENTE-min-2048x1536.jpg 2048w, https:\/\/www.ayuntamiento-losmolinos.es\/wp-content\/uploads\/2022\/05\/CALLE-VENEROS-7-RESIDENTE-min-195x146.jpg 195w, https:\/\/www.ayuntamiento-losmolinos.es\/wp-content\/uploads\/2022\/05\/CALLE-VENEROS-7-RESIDENTE-min-50x38.jpg 50w, https:\/\/www.ayuntamiento-losmolinos.es\/wp-content\/uploads\/2022\/05\/CALLE-VENEROS-7-RESIDENTE-min-100x75.jpg 100w\" sizes=\"auto, (max-width: 2560px) 100vw, 2560px\" \/><\/a>\n\t\t\t<\/div><\/figure><figure class='gallery-item'>\n\t\t\t<div class='gallery-icon landscape'>\n\t\t\t\t<a href='https:\/\/www.ayuntamiento-losmolinos.es\/wp-content\/uploads\/2022\/05\/CALLE-TEIDE-27-RESIDENTE-min-scaled.jpg'><img loading=\"lazy\" decoding=\"async\" width=\"2560\" height=\"1920\" src=\"https:\/\/www.ayuntamiento-losmolinos.es\/wp-content\/uploads\/2022\/05\/CALLE-TEIDE-27-RESIDENTE-min-scaled.jpg\" class=\"attachment-full size-full\" alt=\"\" srcset=\"https:\/\/www.ayuntamiento-losmolinos.es\/wp-content\/uploads\/2022\/05\/CALLE-TEIDE-27-RESIDENTE-min-scaled.jpg 2560w, https:\/\/www.ayuntamiento-losmolinos.es\/wp-content\/uploads\/2022\/05\/CALLE-TEIDE-27-RESIDENTE-min-300x225.jpg 300w, https:\/\/www.ayuntamiento-losmolinos.es\/wp-content\/uploads\/2022\/05\/CALLE-TEIDE-27-RESIDENTE-min-1024x768.jpg 1024w, https:\/\/www.ayuntamiento-losmolinos.es\/wp-content\/uploads\/2022\/05\/CALLE-TEIDE-27-RESIDENTE-min-768x576.jpg 768w, https:\/\/www.ayuntamiento-losmolinos.es\/wp-content\/uploads\/2022\/05\/CALLE-TEIDE-27-RESIDENTE-min-1536x1152.jpg 1536w, https:\/\/www.ayuntamiento-losmolinos.es\/wp-content\/uploads\/2022\/05\/CALLE-TEIDE-27-RESIDENTE-min-2048x1536.jpg 2048w, https:\/\/www.ayuntamiento-losmolinos.es\/wp-content\/uploads\/2022\/05\/CALLE-TEIDE-27-RESIDENTE-min-195x146.jpg 195w, https:\/\/www.ayuntamiento-losmolinos.es\/wp-content\/uploads\/2022\/05\/CALLE-TEIDE-27-RESIDENTE-min-50x38.jpg 50w, https:\/\/www.ayuntamiento-losmolinos.es\/wp-content\/uploads\/2022\/05\/CALLE-TEIDE-27-RESIDENTE-min-100x75.jpg 100w\" sizes=\"auto, (max-width: 2560px) 100vw, 2560px\" \/><\/a>\n\t\t\t<\/div><\/figure><figure class='gallery-item'>\n\t\t\t<div class='gallery-icon landscape'>\n\t\t\t\t<a href='https:\/\/www.ayuntamiento-losmolinos.es\/wp-content\/uploads\/2022\/05\/CALLE-ROBLELLANO-5-RESIDENTE-min-scaled.jpg'><img loading=\"lazy\" decoding=\"async\" width=\"2560\" height=\"1920\" src=\"https:\/\/www.ayuntamiento-losmolinos.es\/wp-content\/uploads\/2022\/05\/CALLE-ROBLELLANO-5-RESIDENTE-min-scaled.jpg\" class=\"attachment-full size-full\" alt=\"\" srcset=\"https:\/\/www.ayuntamiento-losmolinos.es\/wp-content\/uploads\/2022\/05\/CALLE-ROBLELLANO-5-RESIDENTE-min-scaled.jpg 2560w, https:\/\/www.ayuntamiento-losmolinos.es\/wp-content\/uploads\/2022\/05\/CALLE-ROBLELLANO-5-RESIDENTE-min-300x225.jpg 300w, https:\/\/www.ayuntamiento-losmolinos.es\/wp-content\/uploads\/2022\/05\/CALLE-ROBLELLANO-5-RESIDENTE-min-1024x768.jpg 1024w, https:\/\/www.ayuntamiento-losmolinos.es\/wp-content\/uploads\/2022\/05\/CALLE-ROBLELLANO-5-RESIDENTE-min-768x576.jpg 768w, https:\/\/www.ayuntamiento-losmolinos.es\/wp-content\/uploads\/2022\/05\/CALLE-ROBLELLANO-5-RESIDENTE-min-1536x1152.jpg 1536w, https:\/\/www.ayuntamiento-losmolinos.es\/wp-content\/uploads\/2022\/05\/CALLE-ROBLELLANO-5-RESIDENTE-min-2048x1536.jpg 2048w, https:\/\/www.ayuntamiento-losmolinos.es\/wp-content\/uploads\/2022\/05\/CALLE-ROBLELLANO-5-RESIDENTE-min-195x146.jpg 195w, https:\/\/www.ayuntamiento-losmolinos.es\/wp-content\/uploads\/2022\/05\/CALLE-ROBLELLANO-5-RESIDENTE-min-50x38.jpg 50w, https:\/\/www.ayuntamiento-losmolinos.es\/wp-content\/uploads\/2022\/05\/CALLE-ROBLELLANO-5-RESIDENTE-min-100x75.jpg 100w\" sizes=\"auto, (max-width: 2560px) 100vw, 2560px\" \/><\/a>\n\t\t\t<\/div><\/figure><figure class='gallery-item'>\n\t\t\t<div class='gallery-icon landscape'>\n\t\t\t\t<a href='https:\/\/www.ayuntamiento-losmolinos.es\/wp-content\/uploads\/2022\/05\/CALLE-REAL-65-RESIDENTE-min-scaled.jpg'><img loading=\"lazy\" decoding=\"async\" width=\"2560\" height=\"1920\" src=\"https:\/\/www.ayuntamiento-losmolinos.es\/wp-content\/uploads\/2022\/05\/CALLE-REAL-65-RESIDENTE-min-scaled.jpg\" class=\"attachment-full size-full\" alt=\"\" srcset=\"https:\/\/www.ayuntamiento-losmolinos.es\/wp-content\/uploads\/2022\/05\/CALLE-REAL-65-RESIDENTE-min-scaled.jpg 2560w, https:\/\/www.ayuntamiento-losmolinos.es\/wp-content\/uploads\/2022\/05\/CALLE-REAL-65-RESIDENTE-min-300x225.jpg 300w, https:\/\/www.ayuntamiento-losmolinos.es\/wp-content\/uploads\/2022\/05\/CALLE-REAL-65-RESIDENTE-min-1024x768.jpg 1024w, https:\/\/www.ayuntamiento-losmolinos.es\/wp-content\/uploads\/2022\/05\/CALLE-REAL-65-RESIDENTE-min-768x576.jpg 768w, https:\/\/www.ayuntamiento-losmolinos.es\/wp-content\/uploads\/2022\/05\/CALLE-REAL-65-RESIDENTE-min-1536x1152.jpg 1536w, https:\/\/www.ayuntamiento-losmolinos.es\/wp-content\/uploads\/2022\/05\/CALLE-REAL-65-RESIDENTE-min-2048x1536.jpg 2048w, https:\/\/www.ayuntamiento-losmolinos.es\/wp-content\/uploads\/2022\/05\/CALLE-REAL-65-RESIDENTE-min-195x146.jpg 195w, https:\/\/www.ayuntamiento-losmolinos.es\/wp-content\/uploads\/2022\/05\/CALLE-REAL-65-RESIDENTE-min-50x38.jpg 50w, https:\/\/www.ayuntamiento-losmolinos.es\/wp-content\/uploads\/2022\/05\/CALLE-REAL-65-RESIDENTE-min-100x75.jpg 100w\" sizes=\"auto, (max-width: 2560px) 100vw, 2560px\" \/><\/a>\n\t\t\t<\/div><\/figure><figure class='gallery-item'>\n\t\t\t<div class='gallery-icon landscape'>\n\t\t\t\t<a href='https:\/\/www.ayuntamiento-losmolinos.es\/wp-content\/uploads\/2022\/05\/CALLE-PENALARA-6-RESIDENTE-min-scaled.jpg'><img loading=\"lazy\" decoding=\"async\" width=\"2560\" height=\"1920\" src=\"https:\/\/www.ayuntamiento-losmolinos.es\/wp-content\/uploads\/2022\/05\/CALLE-PENALARA-6-RESIDENTE-min-scaled.jpg\" class=\"attachment-full size-full\" alt=\"\" srcset=\"https:\/\/www.ayuntamiento-losmolinos.es\/wp-content\/uploads\/2022\/05\/CALLE-PENALARA-6-RESIDENTE-min-scaled.jpg 2560w, https:\/\/www.ayuntamiento-losmolinos.es\/wp-content\/uploads\/2022\/05\/CALLE-PENALARA-6-RESIDENTE-min-300x225.jpg 300w, https:\/\/www.ayuntamiento-losmolinos.es\/wp-content\/uploads\/2022\/05\/CALLE-PENALARA-6-RESIDENTE-min-1024x768.jpg 1024w, https:\/\/www.ayuntamiento-losmolinos.es\/wp-content\/uploads\/2022\/05\/CALLE-PENALARA-6-RESIDENTE-min-768x576.jpg 768w, https:\/\/www.ayuntamiento-losmolinos.es\/wp-content\/uploads\/2022\/05\/CALLE-PENALARA-6-RESIDENTE-min-1536x1152.jpg 1536w, https:\/\/www.ayuntamiento-losmolinos.es\/wp-content\/uploads\/2022\/05\/CALLE-PENALARA-6-RESIDENTE-min-2048x1536.jpg 2048w, https:\/\/www.ayuntamiento-losmolinos.es\/wp-content\/uploads\/2022\/05\/CALLE-PENALARA-6-RESIDENTE-min-195x146.jpg 195w, https:\/\/www.ayuntamiento-losmolinos.es\/wp-content\/uploads\/2022\/05\/CALLE-PENALARA-6-RESIDENTE-min-50x38.jpg 50w, https:\/\/www.ayuntamiento-losmolinos.es\/wp-content\/uploads\/2022\/05\/CALLE-PENALARA-6-RESIDENTE-min-100x75.jpg 100w\" sizes=\"auto, (max-width: 2560px) 100vw, 2560px\" \/><\/a>\n\t\t\t<\/div><\/figure><figure class='gallery-item'>\n\t\t\t<div class='gallery-icon landscape'>\n\t\t\t\t<a href='https:\/\/www.ayuntamiento-losmolinos.es\/wp-content\/uploads\/2022\/05\/CALLE-MATALONGINES-3-RESIDENTE-min-scaled.jpg'><img loading=\"lazy\" decoding=\"async\" width=\"2560\" height=\"1920\" src=\"https:\/\/www.ayuntamiento-losmolinos.es\/wp-content\/uploads\/2022\/05\/CALLE-MATALONGINES-3-RESIDENTE-min-scaled.jpg\" class=\"attachment-full size-full\" alt=\"\" srcset=\"https:\/\/www.ayuntamiento-losmolinos.es\/wp-content\/uploads\/2022\/05\/CALLE-MATALONGINES-3-RESIDENTE-min-scaled.jpg 2560w, https:\/\/www.ayuntamiento-losmolinos.es\/wp-content\/uploads\/2022\/05\/CALLE-MATALONGINES-3-RESIDENTE-min-300x225.jpg 300w, https:\/\/www.ayuntamiento-losmolinos.es\/wp-content\/uploads\/2022\/05\/CALLE-MATALONGINES-3-RESIDENTE-min-1024x768.jpg 1024w, https:\/\/www.ayuntamiento-losmolinos.es\/wp-content\/uploads\/2022\/05\/CALLE-MATALONGINES-3-RESIDENTE-min-768x576.jpg 768w, https:\/\/www.ayuntamiento-losmolinos.es\/wp-content\/uploads\/2022\/05\/CALLE-MATALONGINES-3-RESIDENTE-min-1536x1152.jpg 1536w, https:\/\/www.ayuntamiento-losmolinos.es\/wp-content\/uploads\/2022\/05\/CALLE-MATALONGINES-3-RESIDENTE-min-2048x1536.jpg 2048w, https:\/\/www.ayuntamiento-losmolinos.es\/wp-content\/uploads\/2022\/05\/CALLE-MATALONGINES-3-RESIDENTE-min-195x146.jpg 195w, https:\/\/www.ayuntamiento-losmolinos.es\/wp-content\/uploads\/2022\/05\/CALLE-MATALONGINES-3-RESIDENTE-min-50x38.jpg 50w, https:\/\/www.ayuntamiento-losmolinos.es\/wp-content\/uploads\/2022\/05\/CALLE-MATALONGINES-3-RESIDENTE-min-100x75.jpg 100w\" sizes=\"auto, (max-width: 2560px) 100vw, 2560px\" \/><\/a>\n\t\t\t<\/div><\/figure><figure class='gallery-item'>\n\t\t\t<div class='gallery-icon landscape'>\n\t\t\t\t<a href='https:\/\/www.ayuntamiento-losmolinos.es\/wp-content\/uploads\/2022\/05\/CALLE-ERILLAS-13-RESIDENTE-min-scaled.jpg'><img loading=\"lazy\" decoding=\"async\" width=\"2560\" height=\"1920\" src=\"https:\/\/www.ayuntamiento-losmolinos.es\/wp-content\/uploads\/2022\/05\/CALLE-ERILLAS-13-RESIDENTE-min-scaled.jpg\" class=\"attachment-full size-full\" alt=\"\" srcset=\"https:\/\/www.ayuntamiento-losmolinos.es\/wp-content\/uploads\/2022\/05\/CALLE-ERILLAS-13-RESIDENTE-min-scaled.jpg 2560w, https:\/\/www.ayuntamiento-losmolinos.es\/wp-content\/uploads\/2022\/05\/CALLE-ERILLAS-13-RESIDENTE-min-300x225.jpg 300w, https:\/\/www.ayuntamiento-losmolinos.es\/wp-content\/uploads\/2022\/05\/CALLE-ERILLAS-13-RESIDENTE-min-1024x768.jpg 1024w, https:\/\/www.ayuntamiento-losmolinos.es\/wp-content\/uploads\/2022\/05\/CALLE-ERILLAS-13-RESIDENTE-min-768x576.jpg 768w, https:\/\/www.ayuntamiento-losmolinos.es\/wp-content\/uploads\/2022\/05\/CALLE-ERILLAS-13-RESIDENTE-min-1536x1152.jpg 1536w, https:\/\/www.ayuntamiento-losmolinos.es\/wp-content\/uploads\/2022\/05\/CALLE-ERILLAS-13-RESIDENTE-min-2048x1536.jpg 2048w, https:\/\/www.ayuntamiento-losmolinos.es\/wp-content\/uploads\/2022\/05\/CALLE-ERILLAS-13-RESIDENTE-min-195x146.jpg 195w, https:\/\/www.ayuntamiento-losmolinos.es\/wp-content\/uploads\/2022\/05\/CALLE-ERILLAS-13-RESIDENTE-min-50x38.jpg 50w, https:\/\/www.ayuntamiento-losmolinos.es\/wp-content\/uploads\/2022\/05\/CALLE-ERILLAS-13-RESIDENTE-min-100x75.jpg 100w\" sizes=\"auto, (max-width: 2560px) 100vw, 2560px\" \/><\/a>\n\t\t\t<\/div><\/figure><figure class='gallery-item'>\n\t\t\t<div class='gallery-icon landscape'>\n\t\t\t\t<a href='https:\/\/www.ayuntamiento-losmolinos.es\/wp-content\/uploads\/2022\/05\/CALLE-EJERCITO-14-RESIDENTE-FOTO-SACADA-03-DE-MAYO-min-scaled.jpg'><img loading=\"lazy\" decoding=\"async\" width=\"2560\" height=\"1920\" src=\"https:\/\/www.ayuntamiento-losmolinos.es\/wp-content\/uploads\/2022\/05\/CALLE-EJERCITO-14-RESIDENTE-FOTO-SACADA-03-DE-MAYO-min-scaled.jpg\" class=\"attachment-full size-full\" alt=\"\" srcset=\"https:\/\/www.ayuntamiento-losmolinos.es\/wp-content\/uploads\/2022\/05\/CALLE-EJERCITO-14-RESIDENTE-FOTO-SACADA-03-DE-MAYO-min-scaled.jpg 2560w, https:\/\/www.ayuntamiento-losmolinos.es\/wp-content\/uploads\/2022\/05\/CALLE-EJERCITO-14-RESIDENTE-FOTO-SACADA-03-DE-MAYO-min-300x225.jpg 300w, https:\/\/www.ayuntamiento-losmolinos.es\/wp-content\/uploads\/2022\/05\/CALLE-EJERCITO-14-RESIDENTE-FOTO-SACADA-03-DE-MAYO-min-1024x768.jpg 1024w, https:\/\/www.ayuntamiento-losmolinos.es\/wp-content\/uploads\/2022\/05\/CALLE-EJERCITO-14-RESIDENTE-FOTO-SACADA-03-DE-MAYO-min-768x576.jpg 768w, https:\/\/www.ayuntamiento-losmolinos.es\/wp-content\/uploads\/2022\/05\/CALLE-EJERCITO-14-RESIDENTE-FOTO-SACADA-03-DE-MAYO-min-1536x1152.jpg 1536w, https:\/\/www.ayuntamiento-losmolinos.es\/wp-content\/uploads\/2022\/05\/CALLE-EJERCITO-14-RESIDENTE-FOTO-SACADA-03-DE-MAYO-min-2048x1536.jpg 2048w, https:\/\/www.ayuntamiento-losmolinos.es\/wp-content\/uploads\/2022\/05\/CALLE-EJERCITO-14-RESIDENTE-FOTO-SACADA-03-DE-MAYO-min-195x146.jpg 195w, https:\/\/www.ayuntamiento-losmolinos.es\/wp-content\/uploads\/2022\/05\/CALLE-EJERCITO-14-RESIDENTE-FOTO-SACADA-03-DE-MAYO-min-50x38.jpg 50w, https:\/\/www.ayuntamiento-losmolinos.es\/wp-content\/uploads\/2022\/05\/CALLE-EJERCITO-14-RESIDENTE-FOTO-SACADA-03-DE-MAYO-min-100x75.jpg 100w\" sizes=\"auto, (max-width: 2560px) 100vw, 2560px\" \/><\/a>\n\t\t\t<\/div><\/figure><figure class='gallery-item'>\n\t\t\t<div class='gallery-icon landscape'>\n\t\t\t\t<a href='https:\/\/www.ayuntamiento-losmolinos.es\/wp-content\/uploads\/2022\/05\/CALLE-D.-LUIS-RODRIGUEZ-QUEVEDO-3-RESIDENTE-min-scaled.jpg'><img loading=\"lazy\" decoding=\"async\" width=\"2560\" height=\"1920\" src=\"https:\/\/www.ayuntamiento-losmolinos.es\/wp-content\/uploads\/2022\/05\/CALLE-D.-LUIS-RODRIGUEZ-QUEVEDO-3-RESIDENTE-min-scaled.jpg\" class=\"attachment-full size-full\" alt=\"\" srcset=\"https:\/\/www.ayuntamiento-losmolinos.es\/wp-content\/uploads\/2022\/05\/CALLE-D.-LUIS-RODRIGUEZ-QUEVEDO-3-RESIDENTE-min-scaled.jpg 2560w, https:\/\/www.ayuntamiento-losmolinos.es\/wp-content\/uploads\/2022\/05\/CALLE-D.-LUIS-RODRIGUEZ-QUEVEDO-3-RESIDENTE-min-300x225.jpg 300w, https:\/\/www.ayuntamiento-losmolinos.es\/wp-content\/uploads\/2022\/05\/CALLE-D.-LUIS-RODRIGUEZ-QUEVEDO-3-RESIDENTE-min-1024x768.jpg 1024w, https:\/\/www.ayuntamiento-losmolinos.es\/wp-content\/uploads\/2022\/05\/CALLE-D.-LUIS-RODRIGUEZ-QUEVEDO-3-RESIDENTE-min-768x576.jpg 768w, https:\/\/www.ayuntamiento-losmolinos.es\/wp-content\/uploads\/2022\/05\/CALLE-D.-LUIS-RODRIGUEZ-QUEVEDO-3-RESIDENTE-min-1536x1152.jpg 1536w, https:\/\/www.ayuntamiento-losmolinos.es\/wp-content\/uploads\/2022\/05\/CALLE-D.-LUIS-RODRIGUEZ-QUEVEDO-3-RESIDENTE-min-2048x1536.jpg 2048w, https:\/\/www.ayuntamiento-losmolinos.es\/wp-content\/uploads\/2022\/05\/CALLE-D.-LUIS-RODRIGUEZ-QUEVEDO-3-RESIDENTE-min-195x146.jpg 195w, https:\/\/www.ayuntamiento-losmolinos.es\/wp-content\/uploads\/2022\/05\/CALLE-D.-LUIS-RODRIGUEZ-QUEVEDO-3-RESIDENTE-min-50x38.jpg 50w, https:\/\/www.ayuntamiento-losmolinos.es\/wp-content\/uploads\/2022\/05\/CALLE-D.-LUIS-RODRIGUEZ-QUEVEDO-3-RESIDENTE-min-100x75.jpg 100w\" sizes=\"auto, (max-width: 2560px) 100vw, 2560px\" \/><\/a>\n\t\t\t<\/div><\/figure><figure class='gallery-item'>\n\t\t\t<div class='gallery-icon landscape'>\n\t\t\t\t<a href='https:\/\/www.ayuntamiento-losmolinos.es\/wp-content\/uploads\/2022\/05\/CALLE-BUENOS-AIRES-21-RESIDENTE-min.jpg'><img loading=\"lazy\" decoding=\"async\" width=\"1600\" height=\"1200\" src=\"https:\/\/www.ayuntamiento-losmolinos.es\/wp-content\/uploads\/2022\/05\/CALLE-BUENOS-AIRES-21-RESIDENTE-min.jpg\" class=\"attachment-full size-full\" alt=\"\" srcset=\"https:\/\/www.ayuntamiento-losmolinos.es\/wp-content\/uploads\/2022\/05\/CALLE-BUENOS-AIRES-21-RESIDENTE-min.jpg 1600w, https:\/\/www.ayuntamiento-losmolinos.es\/wp-content\/uploads\/2022\/05\/CALLE-BUENOS-AIRES-21-RESIDENTE-min-300x225.jpg 300w, https:\/\/www.ayuntamiento-losmolinos.es\/wp-content\/uploads\/2022\/05\/CALLE-BUENOS-AIRES-21-RESIDENTE-min-1024x768.jpg 1024w, https:\/\/www.ayuntamiento-losmolinos.es\/wp-content\/uploads\/2022\/05\/CALLE-BUENOS-AIRES-21-RESIDENTE-min-768x576.jpg 768w, https:\/\/www.ayuntamiento-losmolinos.es\/wp-content\/uploads\/2022\/05\/CALLE-BUENOS-AIRES-21-RESIDENTE-min-1536x1152.jpg 1536w, https:\/\/www.ayuntamiento-losmolinos.es\/wp-content\/uploads\/2022\/05\/CALLE-BUENOS-AIRES-21-RESIDENTE-min-195x146.jpg 195w, https:\/\/www.ayuntamiento-losmolinos.es\/wp-content\/uploads\/2022\/05\/CALLE-BUENOS-AIRES-21-RESIDENTE-min-50x38.jpg 50w, https:\/\/www.ayuntamiento-losmolinos.es\/wp-content\/uploads\/2022\/05\/CALLE-BUENOS-AIRES-21-RESIDENTE-min-100x75.jpg 100w\" sizes=\"auto, (max-width: 1600px) 100vw, 1600px\" \/><\/a>\n\t\t\t<\/div><\/figure><figure class='gallery-item'>\n\t\t\t<div class='gallery-icon landscape'>\n\t\t\t\t<a href='https:\/\/www.ayuntamiento-losmolinos.es\/wp-content\/uploads\/2022\/05\/CALLE-BUENOS-AIRES-3-RESIDENTE-min-scaled.jpg'><img loading=\"lazy\" decoding=\"async\" width=\"2560\" height=\"1920\" src=\"https:\/\/www.ayuntamiento-losmolinos.es\/wp-content\/uploads\/2022\/05\/CALLE-BUENOS-AIRES-3-RESIDENTE-min-scaled.jpg\" class=\"attachment-full size-full\" alt=\"\" srcset=\"https:\/\/www.ayuntamiento-losmolinos.es\/wp-content\/uploads\/2022\/05\/CALLE-BUENOS-AIRES-3-RESIDENTE-min-scaled.jpg 2560w, https:\/\/www.ayuntamiento-losmolinos.es\/wp-content\/uploads\/2022\/05\/CALLE-BUENOS-AIRES-3-RESIDENTE-min-300x225.jpg 300w, https:\/\/www.ayuntamiento-losmolinos.es\/wp-content\/uploads\/2022\/05\/CALLE-BUENOS-AIRES-3-RESIDENTE-min-1024x768.jpg 1024w, https:\/\/www.ayuntamiento-losmolinos.es\/wp-content\/uploads\/2022\/05\/CALLE-BUENOS-AIRES-3-RESIDENTE-min-768x576.jpg 768w, https:\/\/www.ayuntamiento-losmolinos.es\/wp-content\/uploads\/2022\/05\/CALLE-BUENOS-AIRES-3-RESIDENTE-min-1536x1152.jpg 1536w, https:\/\/www.ayuntamiento-losmolinos.es\/wp-content\/uploads\/2022\/05\/CALLE-BUENOS-AIRES-3-RESIDENTE-min-2048x1536.jpg 2048w, https:\/\/www.ayuntamiento-losmolinos.es\/wp-content\/uploads\/2022\/05\/CALLE-BUENOS-AIRES-3-RESIDENTE-min-195x146.jpg 195w, https:\/\/www.ayuntamiento-losmolinos.es\/wp-content\/uploads\/2022\/05\/CALLE-BUENOS-AIRES-3-RESIDENTE-min-50x38.jpg 50w, https:\/\/www.ayuntamiento-losmolinos.es\/wp-content\/uploads\/2022\/05\/CALLE-BUENOS-AIRES-3-RESIDENTE-min-100x75.jpg 100w\" sizes=\"auto, (max-width: 2560px) 100vw, 2560px\" \/><\/a>\n\t\t\t<\/div><\/figure><figure class='gallery-item'>\n\t\t\t<div class='gallery-icon landscape'>\n\t\t\t\t<a href='https:\/\/www.ayuntamiento-losmolinos.es\/wp-content\/uploads\/2022\/05\/BAR-TUBOS-COMERCIO-min-scaled.jpg'><img loading=\"lazy\" decoding=\"async\" width=\"2560\" height=\"1920\" src=\"https:\/\/www.ayuntamiento-losmolinos.es\/wp-content\/uploads\/2022\/05\/BAR-TUBOS-COMERCIO-min-scaled.jpg\" class=\"attachment-full size-full\" alt=\"\" srcset=\"https:\/\/www.ayuntamiento-losmolinos.es\/wp-content\/uploads\/2022\/05\/BAR-TUBOS-COMERCIO-min-scaled.jpg 2560w, https:\/\/www.ayuntamiento-losmolinos.es\/wp-content\/uploads\/2022\/05\/BAR-TUBOS-COMERCIO-min-300x225.jpg 300w, https:\/\/www.ayuntamiento-losmolinos.es\/wp-content\/uploads\/2022\/05\/BAR-TUBOS-COMERCIO-min-1024x768.jpg 1024w, https:\/\/www.ayuntamiento-losmolinos.es\/wp-content\/uploads\/2022\/05\/BAR-TUBOS-COMERCIO-min-768x576.jpg 768w, https:\/\/www.ayuntamiento-losmolinos.es\/wp-content\/uploads\/2022\/05\/BAR-TUBOS-COMERCIO-min-1536x1152.jpg 1536w, https:\/\/www.ayuntamiento-losmolinos.es\/wp-content\/uploads\/2022\/05\/BAR-TUBOS-COMERCIO-min-2048x1536.jpg 2048w, https:\/\/www.ayuntamiento-losmolinos.es\/wp-content\/uploads\/2022\/05\/BAR-TUBOS-COMERCIO-min-195x146.jpg 195w, https:\/\/www.ayuntamiento-losmolinos.es\/wp-content\/uploads\/2022\/05\/BAR-TUBOS-COMERCIO-min-50x38.jpg 50w, https:\/\/www.ayuntamiento-losmolinos.es\/wp-content\/uploads\/2022\/05\/BAR-TUBOS-COMERCIO-min-100x75.jpg 100w\" sizes=\"auto, (max-width: 2560px) 100vw, 2560px\" \/><\/a>\n\t\t\t<\/div><\/figure><figure class='gallery-item'>\n\t\t\t<div class='gallery-icon landscape'>\n\t\t\t\t<a href='https:\/\/www.ayuntamiento-losmolinos.es\/wp-content\/uploads\/2022\/05\/PUB-ROYALTY-COMERCIO-min-scaled.jpg'><img loading=\"lazy\" decoding=\"async\" width=\"2560\" height=\"1920\" src=\"https:\/\/www.ayuntamiento-losmolinos.es\/wp-content\/uploads\/2022\/05\/PUB-ROYALTY-COMERCIO-min-scaled.jpg\" class=\"attachment-full size-full\" alt=\"\" srcset=\"https:\/\/www.ayuntamiento-losmolinos.es\/wp-content\/uploads\/2022\/05\/PUB-ROYALTY-COMERCIO-min-scaled.jpg 2560w, https:\/\/www.ayuntamiento-losmolinos.es\/wp-content\/uploads\/2022\/05\/PUB-ROYALTY-COMERCIO-min-300x225.jpg 300w, https:\/\/www.ayuntamiento-losmolinos.es\/wp-content\/uploads\/2022\/05\/PUB-ROYALTY-COMERCIO-min-1024x768.jpg 1024w, https:\/\/www.ayuntamiento-losmolinos.es\/wp-content\/uploads\/2022\/05\/PUB-ROYALTY-COMERCIO-min-768x576.jpg 768w, https:\/\/www.ayuntamiento-losmolinos.es\/wp-content\/uploads\/2022\/05\/PUB-ROYALTY-COMERCIO-min-1536x1152.jpg 1536w, https:\/\/www.ayuntamiento-losmolinos.es\/wp-content\/uploads\/2022\/05\/PUB-ROYALTY-COMERCIO-min-2048x1536.jpg 2048w, https:\/\/www.ayuntamiento-losmolinos.es\/wp-content\/uploads\/2022\/05\/PUB-ROYALTY-COMERCIO-min-195x146.jpg 195w, https:\/\/www.ayuntamiento-losmolinos.es\/wp-content\/uploads\/2022\/05\/PUB-ROYALTY-COMERCIO-min-50x38.jpg 50w, https:\/\/www.ayuntamiento-losmolinos.es\/wp-content\/uploads\/2022\/05\/PUB-ROYALTY-COMERCIO-min-100x75.jpg 100w\" sizes=\"auto, (max-width: 2560px) 100vw, 2560px\" \/><\/a>\n\t\t\t<\/div><\/figure><figure class='gallery-item'>\n\t\t\t<div class='gallery-icon portrait'>\n\t\t\t\t<a href='https:\/\/www.ayuntamiento-losmolinos.es\/wp-content\/uploads\/2022\/05\/CALLE-CARETO-9-RESIDENTE-min-scaled.jpg'><img loading=\"lazy\" decoding=\"async\" width=\"1920\" height=\"2560\" src=\"https:\/\/www.ayuntamiento-losmolinos.es\/wp-content\/uploads\/2022\/05\/CALLE-CARETO-9-RESIDENTE-min-scaled.jpg\" class=\"attachment-full size-full\" alt=\"\" srcset=\"https:\/\/www.ayuntamiento-losmolinos.es\/wp-content\/uploads\/2022\/05\/CALLE-CARETO-9-RESIDENTE-min-scaled.jpg 1920w, https:\/\/www.ayuntamiento-losmolinos.es\/wp-content\/uploads\/2022\/05\/CALLE-CARETO-9-RESIDENTE-min-225x300.jpg 225w, https:\/\/www.ayuntamiento-losmolinos.es\/wp-content\/uploads\/2022\/05\/CALLE-CARETO-9-RESIDENTE-min-768x1024.jpg 768w, https:\/\/www.ayuntamiento-losmolinos.es\/wp-content\/uploads\/2022\/05\/CALLE-CARETO-9-RESIDENTE-min-1152x1536.jpg 1152w, https:\/\/www.ayuntamiento-losmolinos.es\/wp-content\/uploads\/2022\/05\/CALLE-CARETO-9-RESIDENTE-min-1536x2048.jpg 1536w, https:\/\/www.ayuntamiento-losmolinos.es\/wp-content\/uploads\/2022\/05\/CALLE-CARETO-9-RESIDENTE-min-110x146.jpg 110w, https:\/\/www.ayuntamiento-losmolinos.es\/wp-content\/uploads\/2022\/05\/CALLE-CARETO-9-RESIDENTE-min-38x50.jpg 38w, https:\/\/www.ayuntamiento-losmolinos.es\/wp-content\/uploads\/2022\/05\/CALLE-CARETO-9-RESIDENTE-min-56x75.jpg 56w\" sizes=\"auto, (max-width: 1920px) 100vw, 1920px\" \/><\/a>\n\t\t\t<\/div><\/figure>\n\t\t<\/div>\n<\/td>\n<\/tr>\n<tr>\n<td style=\"width: 50%;\">\n<p style=\"text-align: left;\">\n<\/td>\n<td style=\"width: 25%;\"><\/td>\n<td style=\"width: 25%;\"><\/td>\n<\/tr>\n<tr>\n<td style=\"width: 50%;\"><a href=\"https:\/\/www.ayuntamiento-losmolinos.es\/wp-content\/uploads\/2022\/04\/CARTEL-PROGRAMA-CAMBRONO-2022.jpg\"><img loading=\"lazy\" decoding=\"async\" class=\"aligncenter size-full wp-image-20198\" src=\"https:\/\/www.ayuntamiento-losmolinos.es\/wp-content\/uploads\/2022\/04\/CARTEL-PROGRAMA-CAMBRONO-2022.jpg\" alt=\"\" width=\"1181\" height=\"1671\" srcset=\"https:\/\/www.ayuntamiento-losmolinos.es\/wp-content\/uploads\/2022\/04\/CARTEL-PROGRAMA-CAMBRONO-2022.jpg 1181w, https:\/\/www.ayuntamiento-losmolinos.es\/wp-content\/uploads\/2022\/04\/CARTEL-PROGRAMA-CAMBRONO-2022-212x300.jpg 212w, https:\/\/www.ayuntamiento-losmolinos.es\/wp-content\/uploads\/2022\/04\/CARTEL-PROGRAMA-CAMBRONO-2022-724x1024.jpg 724w, https:\/\/www.ayuntamiento-losmolinos.es\/wp-content\/uploads\/2022\/04\/CARTEL-PROGRAMA-CAMBRONO-2022-768x1087.jpg 768w, https:\/\/www.ayuntamiento-losmolinos.es\/wp-content\/uploads\/2022\/04\/CARTEL-PROGRAMA-CAMBRONO-2022-1086x1536.jpg 1086w, https:\/\/www.ayuntamiento-losmolinos.es\/wp-content\/uploads\/2022\/04\/CARTEL-PROGRAMA-CAMBRONO-2022-103x146.jpg 103w, https:\/\/www.ayuntamiento-losmolinos.es\/wp-content\/uploads\/2022\/04\/CARTEL-PROGRAMA-CAMBRONO-2022-35x50.jpg 35w, https:\/\/www.ayuntamiento-losmolinos.es\/wp-content\/uploads\/2022\/04\/CARTEL-PROGRAMA-CAMBRONO-2022-53x75.jpg 53w\" sizes=\"auto, (max-width: 1181px) 100vw, 1181px\" \/><\/a><\/td>\n<td style=\"width: 25%;\" colspan=\"2\"><a href=\"https:\/\/www.ayuntamiento-losmolinos.es\/wp-content\/uploads\/2022\/03\/IICONCURSO-DECORACION-AMARILLO-2022.jpg\"><img loading=\"lazy\" decoding=\"async\" class=\"aligncenter size-full wp-image-20014\" src=\"https:\/\/www.ayuntamiento-losmolinos.es\/wp-content\/uploads\/2022\/03\/IICONCURSO-DECORACION-AMARILLO-2022.jpg\" alt=\"\" width=\"642\" height=\"911\" srcset=\"https:\/\/www.ayuntamiento-losmolinos.es\/wp-content\/uploads\/2022\/03\/IICONCURSO-DECORACION-AMARILLO-2022.jpg 642w, https:\/\/www.ayuntamiento-losmolinos.es\/wp-content\/uploads\/2022\/03\/IICONCURSO-DECORACION-AMARILLO-2022-211x300.jpg 211w, https:\/\/www.ayuntamiento-losmolinos.es\/wp-content\/uploads\/2022\/03\/IICONCURSO-DECORACION-AMARILLO-2022-103x146.jpg 103w, https:\/\/www.ayuntamiento-losmolinos.es\/wp-content\/uploads\/2022\/03\/IICONCURSO-DECORACION-AMARILLO-2022-35x50.jpg 35w, https:\/\/www.ayuntamiento-losmolinos.es\/wp-content\/uploads\/2022\/03\/IICONCURSO-DECORACION-AMARILLO-2022-53x75.jpg 53w\" sizes=\"auto, (max-width: 642px) 100vw, 642px\" \/><\/a><\/td>\n<\/tr>\n<\/tbody>\n<\/table>\n","protected":false},"excerpt":{"rendered":"<p>\u00a0\u00a1Ven a disfrutar del Festival del Cambro\u00f1o! Queremos invitarte a vivir con nosotros la floraci\u00f3n del cambro\u00f1o en Los Molinos. Aqu\u00ed, en el coraz\u00f3n de la sierra de Guadarrama, tambi\u00e9n tienes a mano tu lugar para vivir el espect\u00e1culo de la naturaleza; porque esta primavera el pueblo de Los Molinos se viste de nuevo de [&hellip;]<\/p>\n","protected":false},"author":1,"featured_media":3900,"comment_status":"closed","ping_status":"open","sticky":false,"template":"","format":"standard","meta":{"_coblocks_attr":"","_coblocks_dimensions":"","_coblocks_responsive_height":"","_coblocks_accordion_ie_support":"","footnotes":""},"categories":[3,29],"tags":[679,294,11,681,9,709],"class_list":["post-19981","post","type-post","status-publish","format-standard","has-post-thumbnail","hentry","category-actualidad","category-cultura","tag-679","tag-actividades","tag-ayuntamiento","tag-decoracion","tag-los-molinos","tag-los-molinos-en-amarillo"],"featured_image_urls_v2":{"full":["https:\/\/www.ayuntamiento-losmolinos.es\/wp-content\/uploads\/2018\/11\/Losmolinosamarillo2.jpg",5952,3348,false],"thumbnail":["https:\/\/www.ayuntamiento-losmolinos.es\/wp-content\/uploads\/2018\/11\/Losmolinosamarillo2-150x150.jpg",96,96,true],"medium":["https:\/\/www.ayuntamiento-losmolinos.es\/wp-content\/uploads\/2018\/11\/Losmolinosamarillo2-300x169.jpg",300,169,true],"medium_large":["https:\/\/www.ayuntamiento-losmolinos.es\/wp-content\/uploads\/2018\/11\/Losmolinosamarillo2-768x432.jpg",768,432,true],"large":["https:\/\/www.ayuntamiento-losmolinos.es\/wp-content\/uploads\/2018\/11\/Losmolinosamarillo2-1024x576.jpg",1024,576,true],"timeline-express":["https:\/\/www.ayuntamiento-losmolinos.es\/wp-content\/uploads\/2018\/11\/Losmolinosamarillo2-350x120.jpg",350,120,true],"timeline-express-thumbnail":["https:\/\/www.ayuntamiento-losmolinos.es\/wp-content\/uploads\/2018\/11\/Losmolinosamarillo2-200x120.jpg",200,120,true],"1536x1536":["https:\/\/www.ayuntamiento-losmolinos.es\/wp-content\/uploads\/2018\/11\/Losmolinosamarillo2.jpg",1536,864,false],"2048x2048":["https:\/\/www.ayuntamiento-losmolinos.es\/wp-content\/uploads\/2018\/11\/Losmolinosamarillo2.jpg",2048,1152,false]},"post_excerpt_stackable_v2":"<p>\u00a0\u00a1Ven a disfrutar del Festival del Cambro\u00f1o! Queremos invitarte a vivir con nosotros la floraci\u00f3n del cambro\u00f1o en Los Molinos. Aqu\u00ed, en el coraz\u00f3n de la sierra de Guadarrama, tambi\u00e9n tienes a mano tu lugar para vivir el espect\u00e1culo de la naturaleza; porque esta primavera el pueblo de Los Molinos se viste de nuevo de amarillo con el II Festival del Cambro\u00f1o, desde el 18 de abril al 15 de mayo. Conferencias, charlas, visitas guiadas, rutas de senderismo, concursos, conciertos y muchas m\u00e1s actividades para todos los p\u00fablicos llenan de amarillo y de vida todos los rincones del municipio. La&hellip;<\/p>\n","category_list_v2":"<a href=\"https:\/\/www.ayuntamiento-losmolinos.es\/?cat=3\" rel=\"category\">Actualidad<\/a>, <a href=\"https:\/\/www.ayuntamiento-losmolinos.es\/?cat=29\" rel=\"category\">Cultura<\/a>","author_info_v2":{"name":"aytoadminWP","url":"https:\/\/www.ayuntamiento-losmolinos.es\/?author=1"},"comments_num_v2":"0 comentarios","_links":{"self":[{"href":"https:\/\/www.ayuntamiento-losmolinos.es\/index.php?rest_route=\/wp\/v2\/posts\/19981","targetHints":{"allow":["GET"]}}],"collection":[{"href":"https:\/\/www.ayuntamiento-losmolinos.es\/index.php?rest_route=\/wp\/v2\/posts"}],"about":[{"href":"https:\/\/www.ayuntamiento-losmolinos.es\/index.php?rest_route=\/wp\/v2\/types\/post"}],"author":[{"embeddable":true,"href":"https:\/\/www.ayuntamiento-losmolinos.es\/index.php?rest_route=\/wp\/v2\/users\/1"}],"replies":[{"embeddable":true,"href":"https:\/\/www.ayuntamiento-losmolinos.es\/index.php?rest_route=%2Fwp%2Fv2%2Fcomments&post=19981"}],"version-history":[{"count":0,"href":"https:\/\/www.ayuntamiento-losmolinos.es\/index.php?rest_route=\/wp\/v2\/posts\/19981\/revisions"}],"wp:featuredmedia":[{"embeddable":true,"href":"https:\/\/www.ayuntamiento-losmolinos.es\/index.php?rest_route=\/wp\/v2\/media\/3900"}],"wp:attachment":[{"href":"https:\/\/www.ayuntamiento-losmolinos.es\/index.php?rest_route=%2Fwp%2Fv2%2Fmedia&parent=19981"}],"wp:term":[{"taxonomy":"category","embeddable":true,"href":"https:\/\/www.ayuntamiento-losmolinos.es\/index.php?rest_route=%2Fwp%2Fv2%2Fcategories&post=19981"},{"taxonomy":"post_tag","embeddable":true,"href":"https:\/\/www.ayuntamiento-losmolinos.es\/index.php?rest_route=%2Fwp%2Fv2%2Ftags&post=19981"}],"curies":[{"name":"wp","href":"https:\/\/api.w.org\/{rel}","templated":true}]}}