{"id":39662,"date":"2025-12-02T08:18:45","date_gmt":"2025-12-02T07:18:45","guid":{"rendered":"https:\/\/www.ayuntamiento-losmolinos.es\/?p=39662"},"modified":"2025-12-04T14:27:25","modified_gmt":"2025-12-04T13:27:25","slug":"final-exitoso-de-la-ii-cyclocross-racing-cup-en-los-molinos","status":"publish","type":"post","link":"https:\/\/www.ayuntamiento-losmolinos.es\/?p=39662","title":{"rendered":"Final exitoso de la II Cyclocross Racing cup en Los Molinos"},"content":{"rendered":"\n<p><strong>La localidad serrana fue la \u00faltima puntuable con m\u00e1s de 200 inscritos y coron\u00f3 a los ganadores finales de un torneo que aglutin\u00f3 hasta cinco puntuables<\/strong><\/p>\n\n\n\n<p>El municipio madrile\u00f1o de <strong>Los Molinos<\/strong> puso punto y final ayer a la <strong>II Cyclocross Racing Cup<\/strong> con la disputa de su 5\u00aa y \u00faltima puntuable. Un <strong>VI T\u00ba Ayuntamiento de Los Molinos<\/strong> que organiz\u00f3 el <strong>Teams Bikers Club<\/strong> en colaboraci\u00f3n con la casa consistorial de la localidad serrana, con m\u00e1s de 200 inscritos que disfrutaron de una ma\u00f1ana fr\u00eda pero soleada.<\/p>\n\n\n\n<p>Circuito ya cl\u00e1sico en el coraz\u00f3n urbano del municipio, con una cuerda de <strong>3.000 metros<\/strong> que fue del agrado de los participantes, destacando su dificultad t\u00e9cnica y de disponer de alicientes en forma de tablones, escaleras, arenero, repechos y caracola en el interior de la plaza de toros.<\/p>\n\n\n\n<p>Los ganadores absolutos de la carrera fueron la sub23 <strong>Carla Jim\u00e9nez<\/strong> y el elite <strong>Jorge Gonz\u00e1lez<\/strong>. La abulense se impuso en el <em>scratch<\/em> femenino, con <strong>Mar\u00eda Fern\u00e1ndez Lores<\/strong> siendo 2\u00aa y ganadora en m\u00e1ster 50, y <strong>Beatriz Gallego<\/strong> 3\u00aa y vencedora el elites. Y en la vertiente masculina bonito mano a mano entre <strong>Jorge Gonz\u00e1lez<\/strong> y <strong>Jos\u00e9 Mar\u00eda Cristobal<\/strong>, decant\u00e1ndose a favor del primero y cerrando el caj\u00f3n <strong>\u00c1ngel Casillas<\/strong>.<\/p>\n\n\n\n<p><strong>Patricia Porris<\/strong> acompa\u00f1\u00f3 fue 2\u00aa sub23, mientras que <strong>Bruno Jim\u00e9nez<\/strong> se impuso en esta misma categor\u00eda a <strong>Diego Mora<\/strong> y a <strong>Roberto Vara<\/strong>. En juniors <strong>Hugo Zarapuz<\/strong> bati\u00f3 a <strong>Mario Castro<\/strong> y a <strong>Jeannot Plaza<\/strong>, siendo <strong>Gisela L\u00f3pez<\/strong> la mejor en chicas. Y en cadetes parciales para <strong>Luc\u00eda Sempere<\/strong> y <strong>Bruno Mart\u00ed<\/strong>, con la manchega siendo muy superior a <strong>Ana Aparicio<\/strong> y a <strong>Edurne de Andrea<\/strong>, y el madrile\u00f1o superando a <strong>Marco Massaro<\/strong> y a <strong>\u00c1ngelo S\u00e1nchez-Qui\u00f1ones<\/strong>.<\/p>\n\n\n\n<p>En las mangas m\u00e1ster vivimos las victorias de <strong>Jorge Cantalicio<\/strong> en 30, <strong>Roc\u00edo Simaes<\/strong> e <strong>Iv\u00e1n Mart\u00ednez<\/strong> en 40, <strong>Mar\u00eda Fern\u00e1ndez Lores<\/strong> y <strong>David Estrada<\/strong> en 50, <strong>Miguel \u00c1ngel Catal\u00e1n<\/strong> en 60 y <strong>Juan Carlos Hern\u00e1ndez<\/strong> en 70.<\/p>\n\n\n\n<p>Los ganadores finales de la general de la Cyclocross Racing Cup son <strong>Beatriz Gallego<\/strong> y <strong>Jos\u00e9 Mar\u00eda Crist\u00f3bal<\/strong> en elites; <strong>Carla Jim\u00e9nez<\/strong> y <strong>Diego Mora<\/strong> en sub23; <strong>Denilson Fabi\u00e1n \u00c1vila<\/strong> y <strong>Gisela L\u00f3pez<\/strong> en juniors; <strong>Edurne de Andrea<\/strong> y <strong>Diego Garc\u00eda<\/strong> en cadetes; <strong>Deborah S\u00e1nchez<\/strong> y <strong>David Mart\u00ednez<\/strong> en m\u00e1ster 30; <strong>Roc\u00edo Simaes<\/strong> y <strong>\u00c1lvaro Mart\u00ednez<\/strong> en 40; <strong>Mayte Infante<\/strong> y<\/p>\n\n\n\n<p><strong>Carlos Curiel<\/strong> en m\u00e1ster 50; <strong>Miguel \u00c1ngel Catal\u00e1n<\/strong> en m\u00e1ster 60; y <strong>Antonio Fern\u00e1ndez Matamoros<\/strong> en m\u00e1ster 70.<\/p>\n\n\n\n<p><strong>Final por todo lo alto para las Escuelas de Ciclismo<\/strong><\/p>\n\n\n\n<p>A las 12 y media de la ma\u00f1ana entraban en liza m\u00e1s de 100 participantes en las mangas de Escuelas, en las que lograron el triunfo <strong>Candela Mart\u00ednez<\/strong> y <strong>Daniel D\u00edaz<\/strong> en infantiles; <strong>Valeria S\u00e1nchez-Qui\u00f1ones<\/strong> y <strong>Asier \u00c1lvarez<\/strong> en alevines; <strong>Celia Porras<\/strong> y <strong>Marc de la Barrera<\/strong> en principiantes; y <strong>Helena Retamosa<\/strong> y <strong>\u00c1ngel P\u00e9rez<\/strong> en promesas.<\/p>\n\n\n\n<p>Los vencedores finales de la CRC fueron en infantiles los mismos que ganaron esta carrera; en alevines Valeria S\u00e1nchez Qui\u00f1ones y <strong>Valet\u00edn Korzynnikov<\/strong>; en principiantes Celia Porras y <strong>Daniel de la R\u00faa<\/strong>; y en promesas Helena Retamosa y <strong>Erich Narv\u00e1ez<\/strong>.<\/p>\n\n\n\n<p>En la entrega de premios, realizada en dos tandas, estuvieron el Alcalde de Los Molinos, <strong>Antonio Coello<\/strong>; el Concejal de Deportes, <strong>Pedro Garc\u00eda<\/strong>; el 1\u00ba Teniente de Alcalde, <strong>Miguel \u00c1ngel Mart\u00edn<\/strong>; y el Presidente y director de organizaci\u00f3n, <strong>Antonio Ucl\u00e9s<\/strong>.<\/p>\n\n\n\n<p>La Cyclocross Racing Cup cuenta con el patrocinio de <strong>Automociones Ortiz<\/strong>, <strong>Ciclos Corredor<\/strong> (que vestir\u00e1 a los ganadores finales del torneo por 2\u00ba a\u00f1o consecutivo), <strong>X Sauce<\/strong>, <strong>Brain On Wheels<\/strong>, <strong>BM Supermercados<\/strong> y <strong>Planet MTB<\/strong> (medio de comunicaci\u00f3n oficial).<\/p>\n\n\n\n<p>M\u00e1s informaci\u00f3n e inscripciones en: <a href=\"https:\/\/teamsbikers.com\/cyclocross-racing-cup\/\"><strong>https:\/\/teamsbikers.com\/cyclocross-racing-cup\/<\/strong><\/a><\/p>\n\n\n\n<p>Facebook: <a href=\"https:\/\/www.facebook.com\/teamsbikersclub\"><strong>https:\/\/www.facebook.com\/teamsbikersclub<\/strong><\/a><\/p>\n\n\n\n<p>Twitter (X): <a href=\"https:\/\/x.com\/TeamsBikers\"><strong>https:\/\/x.com\/TeamsBikers<\/strong><\/a><\/p>\n\n\n\n<p>Instagram: <a href=\"https:\/\/www.instagram.com\/teamsbikers\/\"><strong>https:\/\/www.instagram.com\/teamsbikers\/<\/strong><\/a><\/p>\n\n\n\n<p>Youtube: <a href=\"https:\/\/www.youtube.com\/@antoniouclesvalriberas-ss4ml\"><strong>https:\/\/www.youtube.com\/@antoniouclesvalriberas-ss4ml<\/strong><\/a><\/p>\n\n\n\n<a href=\"\/wp-content\/uploads\/2025\/12\/Nota-de-prensa-Cronica-VI-T-Ciclocross-Ayto-de-los-Molinos-Cyclocross-30-Noviembre-2025.pdf\"\n    class=\"lsvr-button lsvr-button--medium\"\n     target=\"_blank\"    >\n    DESCARGA LA NOTA DE PRENSA<\/a>\n\n\n\n\n<figure class=\"wp-block-gallery has-nested-images columns-default is-cropped wp-block-gallery-1 is-layout-flex wp-block-gallery-is-layout-flex\" data-block-type=\"core\">\n<figure class=\"wp-block-image size-large\" data-block-type=\"core\"><img loading=\"lazy\" decoding=\"async\" width=\"1000\" height=\"667\" data-id=\"39661\" src=\"https:\/\/www.ayuntamiento-losmolinos.es\/wp-content\/uploads\/2025\/12\/pod-ganadores-cyclocross-racing-cup-escuelas.jpg\" alt=\"\" class=\"wp-image-39661\"\/><\/figure>\n\n\n\n<figure class=\"wp-block-image size-large\" data-block-type=\"core\"><img loading=\"lazy\" decoding=\"async\" width=\"1000\" height=\"667\" data-id=\"39660\" src=\"https:\/\/www.ayuntamiento-losmolinos.es\/wp-content\/uploads\/2025\/12\/pod-ganadores-cyclocross-racing-cup-adultos.jpg\" alt=\"\" class=\"wp-image-39660\"\/><\/figure>\n\n\n\n<figure class=\"wp-block-image size-large\" data-block-type=\"core\"><img loading=\"lazy\" decoding=\"async\" width=\"1000\" height=\"723\" data-id=\"39659\" src=\"https:\/\/www.ayuntamiento-losmolinos.es\/wp-content\/uploads\/2025\/12\/pod-elites-masc.jpg\" alt=\"\" class=\"wp-image-39659\"\/><\/figure>\n\n\n\n<figure class=\"wp-block-image size-large\" data-block-type=\"core\"><img loading=\"lazy\" decoding=\"async\" width=\"1000\" height=\"667\" data-id=\"39657\" src=\"https:\/\/www.ayuntamiento-losmolinos.es\/wp-content\/uploads\/2025\/12\/ivan-martinez-gana-M40.jpg\" alt=\"\" class=\"wp-image-39657\"\/><\/figure>\n\n\n\n<figure class=\"wp-block-image size-large\" data-block-type=\"core\"><img loading=\"lazy\" decoding=\"async\" width=\"1000\" height=\"667\" data-id=\"39656\" src=\"https:\/\/www.ayuntamiento-losmolinos.es\/wp-content\/uploads\/2025\/12\/duelo-jorge-gzlez-jm-cristobal.jpg\" alt=\"\" class=\"wp-image-39656\"\/><\/figure>\n\n\n\n<figure class=\"wp-block-image size-large\" data-block-type=\"core\"><img loading=\"lazy\" decoding=\"async\" width=\"1000\" height=\"667\" data-id=\"39655\" src=\"https:\/\/www.ayuntamiento-losmolinos.es\/wp-content\/uploads\/2025\/12\/carla-jimenez-gana.jpg\" alt=\"\" class=\"wp-image-39655\"\/><\/figure>\n\n\n\n<figure class=\"wp-block-image size-large\" data-block-type=\"core\"><img loading=\"lazy\" decoding=\"async\" width=\"1000\" height=\"838\" data-id=\"39654\" src=\"https:\/\/www.ayuntamiento-losmolinos.es\/wp-content\/uploads\/2025\/12\/pod-sub23-fem.jpg\" alt=\"\" class=\"wp-image-39654\"\/><\/figure>\n<\/figure>\n\n\n\n<figure class=\"wp-block-embed is-type-video is-provider-youtube wp-block-embed-youtube wp-embed-aspect-16-9 wp-has-aspect-ratio\"><div class=\"wp-block-embed__wrapper\">\n<iframe loading=\"lazy\" title=\"Final exitoso de la II Cyclocross Racing cup en Los Molinos\" width=\"500\" height=\"281\" src=\"https:\/\/www.youtube.com\/embed\/rUMG67V_aDo?feature=oembed\" frameborder=\"0\" allow=\"accelerometer; autoplay; clipboard-write; encrypted-media; gyroscope; picture-in-picture; web-share\" referrerpolicy=\"strict-origin-when-cross-origin\" allowfullscreen><\/iframe>\n<\/div><\/figure>\n","protected":false},"excerpt":{"rendered":"<p>La localidad serrana fue la \u00faltima puntuable con m\u00e1s de 200 inscritos y coron\u00f3 a los ganadores finales de un torneo que aglutin\u00f3 hasta cinco puntuables El municipio madrile\u00f1o de Los Molinos puso punto y final ayer a la II Cyclocross Racing Cup con la disputa de su 5\u00aa y \u00faltima puntuable. Un VI T\u00ba [&hellip;]<\/p>\n","protected":false},"author":1,"featured_media":39655,"comment_status":"closed","ping_status":"open","sticky":false,"template":"","format":"standard","meta":{"_coblocks_attr":"","_coblocks_dimensions":"","_coblocks_responsive_height":"","_coblocks_accordion_ie_support":"","footnotes":""},"categories":[3,945],"tags":[1196,294,11,1450,7,9,1434],"class_list":["post-39662","post","type-post","status-publish","format-standard","has-post-thumbnail","hentry","category-actualidad","category-deportes","tag-1196","tag-actividades","tag-ayuntamiento","tag-cyclocross","tag-deportes","tag-los-molinos","tag-racing"],"_links":{"self":[{"href":"https:\/\/www.ayuntamiento-losmolinos.es\/index.php?rest_route=\/wp\/v2\/posts\/39662","targetHints":{"allow":["GET"]}}],"collection":[{"href":"https:\/\/www.ayuntamiento-losmolinos.es\/index.php?rest_route=\/wp\/v2\/posts"}],"about":[{"href":"https:\/\/www.ayuntamiento-losmolinos.es\/index.php?rest_route=\/wp\/v2\/types\/post"}],"author":[{"embeddable":true,"href":"https:\/\/www.ayuntamiento-losmolinos.es\/index.php?rest_route=\/wp\/v2\/users\/1"}],"replies":[{"embeddable":true,"href":"https:\/\/www.ayuntamiento-losmolinos.es\/index.php?rest_route=%2Fwp%2Fv2%2Fcomments&post=39662"}],"version-history":[{"count":2,"href":"https:\/\/www.ayuntamiento-losmolinos.es\/index.php?rest_route=\/wp\/v2\/posts\/39662\/revisions"}],"predecessor-version":[{"id":39664,"href":"https:\/\/www.ayuntamiento-losmolinos.es\/index.php?rest_route=\/wp\/v2\/posts\/39662\/revisions\/39664"}],"wp:featuredmedia":[{"embeddable":true,"href":"https:\/\/www.ayuntamiento-losmolinos.es\/index.php?rest_route=\/wp\/v2\/media\/39655"}],"wp:attachment":[{"href":"https:\/\/www.ayuntamiento-losmolinos.es\/index.php?rest_route=%2Fwp%2Fv2%2Fmedia&parent=39662"}],"wp:term":[{"taxonomy":"category","embeddable":true,"href":"https:\/\/www.ayuntamiento-losmolinos.es\/index.php?rest_route=%2Fwp%2Fv2%2Fcategories&post=39662"},{"taxonomy":"post_tag","embeddable":true,"href":"https:\/\/www.ayuntamiento-losmolinos.es\/index.php?rest_route=%2Fwp%2Fv2%2Ftags&post=39662"}],"curies":[{"name":"wp","href":"https:\/\/api.w.org\/{rel}","templated":true}]}}