{"id":39781,"date":"2026-01-16T12:58:34","date_gmt":"2026-01-16T11:58:34","guid":{"rendered":"https:\/\/www.ayuntamiento-losmolinos.es\/?p=39781"},"modified":"2026-01-16T12:58:34","modified_gmt":"2026-01-16T11:58:34","slug":"los-molinos-acoge-un-taller-de-convivencia-intergeneracional-dentro-del-programa-de-envejecimiento-activo-de-la-comunidad-de-madrid","status":"publish","type":"post","link":"https:\/\/www.ayuntamiento-losmolinos.es\/?p=39781","title":{"rendered":"Los Molinos acoge un taller de convivencia intergeneracional dentro del programa de Envejecimiento Activo de la Comunidad de Madrid"},"content":{"rendered":"\n<p><strong>Taller de Convivencia Intergeneracional: intercambio de experiencias<\/strong>, una actividad incluida en el programa <strong>Talleres de Envejecimiento Activo de la Comunidad de Madrid<\/strong>, que se desarrollar\u00e1 durante el mes de enero de 2026 en distintos municipios de la Sierra.<\/p>\n\n\n\n<p>En el caso de <strong>Los Molinos<\/strong>, el taller tendr\u00e1 lugar el <strong>viernes 30 de enero<\/strong>, en horario de <strong>16:30 a 19:00 horas<\/strong>, en la <strong>Plaza Juan Rubio Garc\u00eda<\/strong>. Esta actividad est\u00e1 dirigida a personas mayores y tiene como objetivo fomentar el encuentro entre generaciones, el intercambio de vivencias y el fortalecimiento de los lazos comunitarios.<\/p>\n\n\n\n<p>El programa de Envejecimiento Activo ofrece una amplia variedad de talleres gratuitos orientados a promover el bienestar f\u00edsico, emocional y social de las personas mayores. Entre los contenidos se incluyen sesiones sobre derechos de las personas mayores, bienestar emocional, ejercicio f\u00edsico, alimentaci\u00f3n saludable, prevenci\u00f3n de la depresi\u00f3n, socializaci\u00f3n y convivencia intergeneracional, desarroll\u00e1ndose en municipios como Guadarrama, Cercedilla, Collado Mediano, Becerril de la Sierra, Navacerrada y Los Molinos.<\/p>\n\n\n\n<p>Esta iniciativa est\u00e1 impulsada por la <strong>Comunidad de Madrid<\/strong>, en colaboraci\u00f3n con los ayuntamientos participantes, y forma parte de las pol\u00edticas p\u00fablicas destinadas a favorecer un envejecimiento activo, saludable y participativo.<\/p>\n\n\n\n<p>Las personas interesadas en participar pueden formalizar su inscripci\u00f3n a trav\u00e9s del tel\u00e9fono <strong>91 854 12 17<\/strong>.<\/p>\n\n\n\n<p>Desde el Ayuntamiento de Los Molinos se anima a la ciudadan\u00eda a participar en este tipo de actividades, que contribuyen a mejorar la calidad de vida, fortalecer la cohesi\u00f3n social y poner en valor la experiencia y el papel activo de las personas mayores en la comunidad.<\/p>\n","protected":false},"excerpt":{"rendered":"<p>Taller de Convivencia Intergeneracional: intercambio de experiencias, una actividad incluida en el programa Talleres de Envejecimiento Activo de la Comunidad de Madrid, que se desarrollar\u00e1 durante el mes de enero de 2026 en distintos municipios de la Sierra. En el caso de Los Molinos, el taller tendr\u00e1 lugar el viernes 30 de enero, en horario [&hellip;]<\/p>\n","protected":false},"author":1,"featured_media":39782,"comment_status":"closed","ping_status":"open","sticky":false,"template":"","format":"standard","meta":{"_coblocks_attr":"","_coblocks_dimensions":"","_coblocks_responsive_height":"","_coblocks_accordion_ie_support":"","footnotes":""},"categories":[3,1000],"tags":[1470,294,11,1497,9],"class_list":["post-39781","post","type-post","status-publish","format-standard","has-post-thumbnail","hentry","category-actualidad","category-servicios-sociales","tag-1470","tag-actividades","tag-ayuntamiento","tag-envejecimiento-activo","tag-los-molinos"],"_links":{"self":[{"href":"https:\/\/www.ayuntamiento-losmolinos.es\/index.php?rest_route=\/wp\/v2\/posts\/39781","targetHints":{"allow":["GET"]}}],"collection":[{"href":"https:\/\/www.ayuntamiento-losmolinos.es\/index.php?rest_route=\/wp\/v2\/posts"}],"about":[{"href":"https:\/\/www.ayuntamiento-losmolinos.es\/index.php?rest_route=\/wp\/v2\/types\/post"}],"author":[{"embeddable":true,"href":"https:\/\/www.ayuntamiento-losmolinos.es\/index.php?rest_route=\/wp\/v2\/users\/1"}],"replies":[{"embeddable":true,"href":"https:\/\/www.ayuntamiento-losmolinos.es\/index.php?rest_route=%2Fwp%2Fv2%2Fcomments&post=39781"}],"version-history":[{"count":1,"href":"https:\/\/www.ayuntamiento-losmolinos.es\/index.php?rest_route=\/wp\/v2\/posts\/39781\/revisions"}],"predecessor-version":[{"id":39783,"href":"https:\/\/www.ayuntamiento-losmolinos.es\/index.php?rest_route=\/wp\/v2\/posts\/39781\/revisions\/39783"}],"wp:featuredmedia":[{"embeddable":true,"href":"https:\/\/www.ayuntamiento-losmolinos.es\/index.php?rest_route=\/wp\/v2\/media\/39782"}],"wp:attachment":[{"href":"https:\/\/www.ayuntamiento-losmolinos.es\/index.php?rest_route=%2Fwp%2Fv2%2Fmedia&parent=39781"}],"wp:term":[{"taxonomy":"category","embeddable":true,"href":"https:\/\/www.ayuntamiento-losmolinos.es\/index.php?rest_route=%2Fwp%2Fv2%2Fcategories&post=39781"},{"taxonomy":"post_tag","embeddable":true,"href":"https:\/\/www.ayuntamiento-losmolinos.es\/index.php?rest_route=%2Fwp%2Fv2%2Ftags&post=39781"}],"curies":[{"name":"wp","href":"https:\/\/api.w.org\/{rel}","templated":true}]}}