{"id":39790,"date":"2026-01-27T12:19:33","date_gmt":"2026-01-27T11:19:33","guid":{"rendered":"https:\/\/www.ayuntamiento-losmolinos.es\/?p=39790"},"modified":"2026-01-27T12:19:33","modified_gmt":"2026-01-27T11:19:33","slug":"el-ayuntamiento-de-los-molinos-presenta-un-estudio-sobre-las-necesidades-sociales-de-las-personas-mayores-de-la-mancomunidad-la-maliciosa","status":"publish","type":"post","link":"https:\/\/www.ayuntamiento-losmolinos.es\/?p=39790","title":{"rendered":"El Ayuntamiento de Los Molinos presenta un estudio sobre las necesidades sociales de las personas mayores de la Mancomunidad La Maliciosa"},"content":{"rendered":"\n<p>El Ayuntamiento de Los Molinos, a trav\u00e9s de la Mancomunidad La Maliciosa y sus Servicios Sociales, informa de la publicaci\u00f3n del <strong>\u201cEstudio diagn\u00f3stico sobre las necesidades y percepciones sociales de las personas mayores residentes de la Mancomunidad La Maliciosa\u201d<\/strong>, un documento clave para conocer en profundidad la realidad, inquietudes y demandas de la poblaci\u00f3n mayor de nuestro municipio y del entorno.<\/p>\n\n\n\n<p>Este estudio se enmarca dentro de las pol\u00edticas de atenci\u00f3n social y envejecimiento activo, y tiene como objetivo <strong>mejorar la planificaci\u00f3n de servicios, programas y recursos dirigidos a las personas mayores<\/strong>, poniendo especial atenci\u00f3n en la prevenci\u00f3n de la soledad no deseada y en la mejora de su calidad de vida.<\/p>\n\n\n\n<p>La iniciativa ha contado con la colaboraci\u00f3n de distintas entidades e instituciones, entre ellas los ayuntamientos de la Mancomunidad, la Red de Atenci\u00f3n a Mayores en Soledad de la Comunidad de Madrid, el distintivo de Compromiso de Calidad Tur\u00edstica y la marca Sierra de Guadarrama.<\/p>\n\n\n\n<p>El documento completo est\u00e1 disponible para su consulta y descarga <strong>mediante el c\u00f3digo QR habilitado<\/strong>, facilitando as\u00ed el acceso a toda la ciudadan\u00eda interesada.<\/p>\n\n\n\n<p>Desde el Ayuntamiento de Los Molinos se anima a vecinos y vecinas a conocer este estudio, que constituye una herramienta fundamental para seguir avanzando en <strong>pol\u00edticas sociales m\u00e1s cercanas, participativas y adaptadas a las necesidades reales de las personas mayores<\/strong>.<\/p>\n","protected":false},"excerpt":{"rendered":"<p>El Ayuntamiento de Los Molinos, a trav\u00e9s de la Mancomunidad La Maliciosa y sus Servicios Sociales, informa de la publicaci\u00f3n del \u201cEstudio diagn\u00f3stico sobre las necesidades y percepciones sociales de las personas mayores residentes de la Mancomunidad La Maliciosa\u201d, un documento clave para conocer en profundidad la realidad, inquietudes y demandas de la poblaci\u00f3n mayor [&hellip;]<\/p>\n","protected":false},"author":1,"featured_media":39791,"comment_status":"closed","ping_status":"open","sticky":false,"template":"","format":"standard","meta":{"_coblocks_attr":"","_coblocks_dimensions":"","_coblocks_responsive_height":"","_coblocks_accordion_ie_support":"","footnotes":""},"categories":[3,1012,1000],"tags":[1470,294,11,1501,9,107],"class_list":["post-39790","post","type-post","status-publish","format-standard","has-post-thumbnail","hentry","category-actualidad","category-salud","category-servicios-sociales","tag-1470","tag-actividades","tag-ayuntamiento","tag-estudio","tag-los-molinos","tag-mayores"],"_links":{"self":[{"href":"https:\/\/www.ayuntamiento-losmolinos.es\/index.php?rest_route=\/wp\/v2\/posts\/39790","targetHints":{"allow":["GET"]}}],"collection":[{"href":"https:\/\/www.ayuntamiento-losmolinos.es\/index.php?rest_route=\/wp\/v2\/posts"}],"about":[{"href":"https:\/\/www.ayuntamiento-losmolinos.es\/index.php?rest_route=\/wp\/v2\/types\/post"}],"author":[{"embeddable":true,"href":"https:\/\/www.ayuntamiento-losmolinos.es\/index.php?rest_route=\/wp\/v2\/users\/1"}],"replies":[{"embeddable":true,"href":"https:\/\/www.ayuntamiento-losmolinos.es\/index.php?rest_route=%2Fwp%2Fv2%2Fcomments&post=39790"}],"version-history":[{"count":1,"href":"https:\/\/www.ayuntamiento-losmolinos.es\/index.php?rest_route=\/wp\/v2\/posts\/39790\/revisions"}],"predecessor-version":[{"id":39792,"href":"https:\/\/www.ayuntamiento-losmolinos.es\/index.php?rest_route=\/wp\/v2\/posts\/39790\/revisions\/39792"}],"wp:featuredmedia":[{"embeddable":true,"href":"https:\/\/www.ayuntamiento-losmolinos.es\/index.php?rest_route=\/wp\/v2\/media\/39791"}],"wp:attachment":[{"href":"https:\/\/www.ayuntamiento-losmolinos.es\/index.php?rest_route=%2Fwp%2Fv2%2Fmedia&parent=39790"}],"wp:term":[{"taxonomy":"category","embeddable":true,"href":"https:\/\/www.ayuntamiento-losmolinos.es\/index.php?rest_route=%2Fwp%2Fv2%2Fcategories&post=39790"},{"taxonomy":"post_tag","embeddable":true,"href":"https:\/\/www.ayuntamiento-losmolinos.es\/index.php?rest_route=%2Fwp%2Fv2%2Ftags&post=39790"}],"curies":[{"name":"wp","href":"https:\/\/api.w.org\/{rel}","templated":true}]}}