{"id":39869,"date":"2026-03-11T09:23:28","date_gmt":"2026-03-11T08:23:28","guid":{"rendered":"https:\/\/www.ayuntamiento-losmolinos.es\/?p=39869"},"modified":"2026-03-11T09:23:29","modified_gmt":"2026-03-11T08:23:29","slug":"concurso-de-decoracion-los-molinos-en-amarillo-2026","status":"publish","type":"post","link":"https:\/\/www.ayuntamiento-losmolinos.es\/?p=39869","title":{"rendered":"Concurso de decoraci\u00f3n \u201cLos Molinos en Amarillo 2026\u201d"},"content":{"rendered":"\n<p>El Ayuntamiento de Los Molinos, a trav\u00e9s de la Concejal\u00eda de Turismo, ha convocado la sexta edici\u00f3n del concurso de decoraci\u00f3n <strong>\u201cLos Molinos en Amarillo\u201d<\/strong>, una iniciativa que invita a vecinos y comerciantes a llenar de color el municipio con motivo de la floraci\u00f3n del cambro\u00f1o, una de las se\u00f1as de identidad naturales de la localidad.<\/p>\n\n\n\n<p>El certamen tiene como objetivo poner en valor este fen\u00f3meno natural, ya que Los Molinos cuenta con la mayor concentraci\u00f3n de cambro\u00f1ales del mundo. Con esta propuesta, el consistorio pretende visibilizar las semanas de floraci\u00f3n, dinamizar la participaci\u00f3n vecinal y reforzar la imagen tur\u00edstica del municipio, al tiempo que se fomenta el cuidado del entorno urbano y el uso de materiales reciclables en la decoraci\u00f3n.<\/p>\n\n\n\n<p>El concurso se celebrar\u00e1 <strong>del 18 de abril al 17 de mayo de 2026<\/strong>, periodo durante el cual balcones, terrazas y escaparates podr\u00e1n decorarse con motivos inspirados en el <strong>color amarillo de la flor del cambro\u00f1o<\/strong>. Podr\u00e1n participar gratuitamente propietarios o arrendatarios de viviendas y locales siempre que los espacios decorados sean visibles desde la v\u00eda p\u00fablica.<\/p>\n\n\n\n<p>Se establecen <strong>dos categor\u00edas de participaci\u00f3n<\/strong>:<\/p>\n\n\n\n<ul class=\"wp-block-list\" data-block-type=\"core\">\n<li data-block-type=\"core\"><strong>Residentes<\/strong>, para decoraciones en balcones o terrazas de viviendas.<\/li>\n\n\n\n<li data-block-type=\"core\"><strong>Comercios<\/strong>, para establecimientos con fachada a la calle.<\/li>\n<\/ul>\n\n\n\n<p>El <strong>plazo de inscripci\u00f3n<\/strong> estar\u00e1 abierto <strong>del 27 de marzo al 17 de abril<\/strong>, y podr\u00e1 realizarse mediante la ficha de inscripci\u00f3n habilitada por el Ayuntamiento, que deber\u00e1 presentarse en el registro municipal o a trav\u00e9s de los canales habilitados por la administraci\u00f3n local.<\/p>\n\n\n\n<p>Las decoraciones deber\u00e1n mantenerse durante el periodo del concurso para que el jurado pueda valorarlas. Los premios se entregar\u00e1n en un acto p\u00fablico que tendr\u00e1 lugar <strong>el 16 de mayo en la Plaza de Espa\u00f1a<\/strong>.<\/p>\n\n\n\n<a href=\"\/wp-content\/uploads\/2026\/03\/BASES-CONCURSO-DECORACION-LOS-MOLINOS-EN-AMARILLO2026.pdf\"\n    class=\"lsvr-button lsvr-button--medium\"\n     target=\"_blank\"    >\n    DESCARGA LAS BASES<\/a>\n\n","protected":false},"excerpt":{"rendered":"<p>El Ayuntamiento de Los Molinos, a trav\u00e9s de la Concejal\u00eda de Turismo, ha convocado la sexta edici\u00f3n del concurso de decoraci\u00f3n \u201cLos Molinos en Amarillo\u201d, una iniciativa que invita a vecinos y comerciantes a llenar de color el municipio con motivo de la floraci\u00f3n del cambro\u00f1o, una de las se\u00f1as de identidad naturales de la [&hellip;]<\/p>\n","protected":false},"author":1,"featured_media":39870,"comment_status":"closed","ping_status":"open","sticky":false,"template":"","format":"standard","meta":{"_coblocks_attr":"","_coblocks_dimensions":"","_coblocks_responsive_height":"","_coblocks_accordion_ie_support":"","footnotes":""},"categories":[3,947,29,948,964,1531],"tags":[1470,294,808,11,613,323,151,1532,9,319],"class_list":["post-39869","post","type-post","status-publish","format-standard","has-post-thumbnail","hentry","category-actualidad","category-comunicacion","category-cultura","category-medio-ambiente","category-transparencia","category-turismo","tag-1470","tag-actividades","tag-amarillo","tag-ayuntamiento","tag-cambrono","tag-concurso","tag-cultura","tag-decoracion-2","tag-los-molinos","tag-turismo"],"_links":{"self":[{"href":"https:\/\/www.ayuntamiento-losmolinos.es\/index.php?rest_route=\/wp\/v2\/posts\/39869","targetHints":{"allow":["GET"]}}],"collection":[{"href":"https:\/\/www.ayuntamiento-losmolinos.es\/index.php?rest_route=\/wp\/v2\/posts"}],"about":[{"href":"https:\/\/www.ayuntamiento-losmolinos.es\/index.php?rest_route=\/wp\/v2\/types\/post"}],"author":[{"embeddable":true,"href":"https:\/\/www.ayuntamiento-losmolinos.es\/index.php?rest_route=\/wp\/v2\/users\/1"}],"replies":[{"embeddable":true,"href":"https:\/\/www.ayuntamiento-losmolinos.es\/index.php?rest_route=%2Fwp%2Fv2%2Fcomments&post=39869"}],"version-history":[{"count":1,"href":"https:\/\/www.ayuntamiento-losmolinos.es\/index.php?rest_route=\/wp\/v2\/posts\/39869\/revisions"}],"predecessor-version":[{"id":39871,"href":"https:\/\/www.ayuntamiento-losmolinos.es\/index.php?rest_route=\/wp\/v2\/posts\/39869\/revisions\/39871"}],"wp:featuredmedia":[{"embeddable":true,"href":"https:\/\/www.ayuntamiento-losmolinos.es\/index.php?rest_route=\/wp\/v2\/media\/39870"}],"wp:attachment":[{"href":"https:\/\/www.ayuntamiento-losmolinos.es\/index.php?rest_route=%2Fwp%2Fv2%2Fmedia&parent=39869"}],"wp:term":[{"taxonomy":"category","embeddable":true,"href":"https:\/\/www.ayuntamiento-losmolinos.es\/index.php?rest_route=%2Fwp%2Fv2%2Fcategories&post=39869"},{"taxonomy":"post_tag","embeddable":true,"href":"https:\/\/www.ayuntamiento-losmolinos.es\/index.php?rest_route=%2Fwp%2Fv2%2Ftags&post=39869"}],"curies":[{"name":"wp","href":"https:\/\/api.w.org\/{rel}","templated":true}]}}