{"id":40068,"date":"2026-04-28T10:27:01","date_gmt":"2026-04-28T08:27:01","guid":{"rendered":"https:\/\/www.ayuntamiento-losmolinos.es\/?p=40068"},"modified":"2026-04-28T10:27:01","modified_gmt":"2026-04-28T08:27:01","slug":"tejiendo-los-molinos","status":"publish","type":"post","link":"https:\/\/www.ayuntamiento-losmolinos.es\/?p=40068","title":{"rendered":"Tejiendo Los Molinos"},"content":{"rendered":"\n<p>Tejer como acto colectivo , como cuidado y como v\u00ednculo con el territorio. Bajo esta premisa nace Tejiendo Los Molinos, un proyecto comunitario impulsado por el Ayuntamiento de Los Molinos y desarrollado por la Asociaci\u00f3n IAIA, que une creaci\u00f3n artesanal, participaci\u00f3n ciudadana y puesta en valor del mundo rural en el marco del Festival del Cambro\u00f1o.<\/p>\n\n\n\n<p>Tejiendo Los Molinos tienen como objetivo principal generar espacios de encuentro entre personas diversas del municipio, fomentando la convivencia, el bienestar emocional y la construcci\u00f3n de comunidad. Tejer juntas va m\u00e1s all\u00e1 del aprendizaje de una t\u00e9cnica: se convierte en un tiempo compartido de calma, escucha y apoyo mutuo. Un espacio donde intercambiar saberes, experiencias y afectos, reforzando v\u00ednculos vecinales y el sentimiento de pertenencia a Los Molinos.<\/p>\n\n\n\n<p>El proyecto persigue un doble objetivo: por un lado, favorecer el aprendizaje y el autocuidado, ofreciendo un espacio donde desarrollar habilidades textiles<\/p>\n\n\n\n<p>y dedicar tiempo de calidad a una misma; por otro, fortalecer la vida comunitaria, utilizando el acto de tejer como herramienta para crear relaciones, redes de apoyo y colaboraci\u00f3n entre vecinas y vecinos.<\/p>\n\n\n\n<p>El grupo de tejedoras de Los Molinos \u2014impulsado por el Ayuntamiento y acompa\u00f1ado por la Asociaci\u00f3n IAIA\u2014 ha creado piezas que transforman el espacio p\u00fablico y visibilizan el valor de la creaci\u00f3n compartida. Cada puntada refleja compromiso, creatividad y cuidado, contribuyendo a construir un pueblo m\u00e1s acogedor, cohesionado e integrador. Porque tejer no es solo entrelazar hilos, sino tambi\u00e9n historias, memorias y comunidad.<\/p>\n\n\n\n<p>Desde el Ayuntamiento queremos agradecer su gran labor y habernos realizado la decoraci\u00f3n para este festival del cambro\u00f1o 2026, y de manera especial, a todas las mujeres que forman parte del grupo de<\/p>\n\n\n\n<p>tejedoras:<\/p>\n\n\n\n<p>Elena, Ana Isabel, Eva, Ainhoa, M\u00aa \u00c1ngeles, M\u00aa Jes\u00fas, Nieves, Cristina,<\/p>\n\n\n\n<p>Alicia, Araceli, Mar\u00eda, Raquel, Margarita, Soledad, M\u00aa \u00c1ngeles M. y Teresa, coordinadas por el equipo de profesoras Nines, Carolina, Concha y Virginia.<\/p>\n\n\n\n<p>Much\u00edsimas gracias por haber formado parte de la decoraci\u00f3n 2026, y por el tiempo dedicado. <img loading=\"lazy\" decoding=\"async\" height=\"16\" width=\"16\" alt=\"\ud83c\udf3c\" src=\"https:\/\/static.xx.fbcdn.net\/images\/emoji.php\/v9\/t9b\/1\/16\/1f33c.png\"><img loading=\"lazy\" decoding=\"async\" height=\"16\" width=\"16\" alt=\"\u2764\ufe0f\" src=\"https:\/\/static.xx.fbcdn.net\/images\/emoji.php\/v9\/t6c\/1\/16\/2764.png\"><img loading=\"lazy\" decoding=\"async\" height=\"16\" width=\"16\" alt=\"\ud83c\udf3c\" src=\"https:\/\/static.xx.fbcdn.net\/images\/emoji.php\/v9\/t9b\/1\/16\/1f33c.png\"><\/p>\n\n\n\n<figure class=\"wp-block-gallery has-nested-images columns-default is-cropped has-lightbox wp-block-gallery-1 is-layout-flex wp-block-gallery-is-layout-flex\" data-block-type=\"core\">\n<figure class=\"wp-block-image size-large\" data-block-type=\"core\"><img loading=\"lazy\" decoding=\"async\" width=\"1082\" height=\"1082\" data-id=\"40067\" src=\"https:\/\/www.ayuntamiento-losmolinos.es\/wp-content\/uploads\/2026\/04\/TEJIENDO05.jpg\" alt=\"\" class=\"wp-image-40067\"\/><figcaption class=\"wp-element-caption\">Tejiendo01<\/figcaption><\/figure>\n\n\n\n<figure class=\"wp-block-image size-large\" data-block-type=\"core\"><img loading=\"lazy\" decoding=\"async\" width=\"1062\" height=\"1062\" data-id=\"40066\" src=\"https:\/\/www.ayuntamiento-losmolinos.es\/wp-content\/uploads\/2026\/04\/TEJIENDO04.jpg\" alt=\"\" class=\"wp-image-40066\"\/><figcaption class=\"wp-element-caption\">Tejiendo02<\/figcaption><\/figure>\n\n\n\n<figure class=\"wp-block-image size-large\" data-block-type=\"core\"><img loading=\"lazy\" decoding=\"async\" width=\"810\" height=\"810\" data-id=\"40065\" src=\"https:\/\/www.ayuntamiento-losmolinos.es\/wp-content\/uploads\/2026\/04\/TEJIENDO03.jpg\" alt=\"\" class=\"wp-image-40065\"\/><figcaption class=\"wp-element-caption\">TejiendoAyto<\/figcaption><\/figure>\n\n\n\n<figure class=\"wp-block-image size-large\" data-block-type=\"core\"><img loading=\"lazy\" decoding=\"async\" width=\"810\" height=\"810\" data-id=\"40064\" src=\"https:\/\/www.ayuntamiento-losmolinos.es\/wp-content\/uploads\/2026\/04\/TEJIENDO02.jpg\" alt=\"\" class=\"wp-image-40064\"\/><figcaption class=\"wp-element-caption\">TejiendoAyto01<\/figcaption><\/figure>\n\n\n\n<figure class=\"wp-block-image size-large\" data-block-type=\"core\"><img loading=\"lazy\" decoding=\"async\" width=\"810\" height=\"810\" data-id=\"40063\" src=\"https:\/\/www.ayuntamiento-losmolinos.es\/wp-content\/uploads\/2026\/04\/TEJIENDO01.jpg\" alt=\"\" class=\"wp-image-40063\"\/><figcaption class=\"wp-element-caption\">TejiendoParaguas<\/figcaption><\/figure>\n\n\n\n<figure class=\"wp-block-image size-large\" data-block-type=\"core\"><img loading=\"lazy\" decoding=\"async\" width=\"1088\" height=\"1088\" data-id=\"40062\" src=\"https:\/\/www.ayuntamiento-losmolinos.es\/wp-content\/uploads\/2026\/04\/TEJIENDO09.jpg\" alt=\"\" class=\"wp-image-40062\"\/><figcaption class=\"wp-element-caption\">TejiendoAyto02<\/figcaption><\/figure>\n\n\n\n<figure class=\"wp-block-image size-large\" data-block-type=\"core\"><img loading=\"lazy\" decoding=\"async\" width=\"1084\" height=\"1084\" data-id=\"40061\" src=\"https:\/\/www.ayuntamiento-losmolinos.es\/wp-content\/uploads\/2026\/04\/TEJIENDO08.jpg\" alt=\"\" class=\"wp-image-40061\"\/><figcaption class=\"wp-element-caption\">TejiendoParaguas01<\/figcaption><\/figure>\n\n\n\n<figure class=\"wp-block-image size-large\" data-block-type=\"core\"><img loading=\"lazy\" decoding=\"async\" width=\"1098\" height=\"1098\" data-id=\"40060\" src=\"https:\/\/www.ayuntamiento-losmolinos.es\/wp-content\/uploads\/2026\/04\/TEJIENDO07.jpg\" alt=\"\" class=\"wp-image-40060\"\/><figcaption class=\"wp-element-caption\">TejiendoPlaza<\/figcaption><\/figure>\n\n\n\n<figure class=\"wp-block-image size-large\" data-block-type=\"core\"><img loading=\"lazy\" decoding=\"async\" width=\"1090\" height=\"1090\" data-id=\"40059\" src=\"https:\/\/www.ayuntamiento-losmolinos.es\/wp-content\/uploads\/2026\/04\/TEJIENDO06.jpg\" alt=\"\" class=\"wp-image-40059\"\/><figcaption class=\"wp-element-caption\">Tejiendo03<\/figcaption><\/figure>\n<\/figure>\n","protected":false},"excerpt":{"rendered":"<p>Tejer como acto colectivo , como cuidado y como v\u00ednculo con el territorio. Bajo esta premisa nace Tejiendo Los Molinos, un proyecto comunitario impulsado por el Ayuntamiento de Los Molinos y desarrollado por la Asociaci\u00f3n IAIA, que une creaci\u00f3n artesanal, participaci\u00f3n ciudadana y puesta en valor del mundo rural en el marco del Festival del [&hellip;]<\/p>\n","protected":false},"author":1,"featured_media":40060,"comment_status":"closed","ping_status":"open","sticky":false,"template":"","format":"standard","meta":{"_coblocks_attr":"","_coblocks_dimensions":"","_coblocks_responsive_height":"","_coblocks_accordion_ie_support":"","footnotes":""},"categories":[3,29,948,1531],"tags":[1470,294,11,613,151,517,9,686],"class_list":["post-40068","post","type-post","status-publish","format-standard","has-post-thumbnail","hentry","category-actualidad","category-cultura","category-medio-ambiente","category-turismo","tag-1470","tag-actividades","tag-ayuntamiento","tag-cambrono","tag-cultura","tag-festival","tag-los-molinos","tag-tejiendo"],"_links":{"self":[{"href":"https:\/\/www.ayuntamiento-losmolinos.es\/index.php?rest_route=\/wp\/v2\/posts\/40068","targetHints":{"allow":["GET"]}}],"collection":[{"href":"https:\/\/www.ayuntamiento-losmolinos.es\/index.php?rest_route=\/wp\/v2\/posts"}],"about":[{"href":"https:\/\/www.ayuntamiento-losmolinos.es\/index.php?rest_route=\/wp\/v2\/types\/post"}],"author":[{"embeddable":true,"href":"https:\/\/www.ayuntamiento-losmolinos.es\/index.php?rest_route=\/wp\/v2\/users\/1"}],"replies":[{"embeddable":true,"href":"https:\/\/www.ayuntamiento-losmolinos.es\/index.php?rest_route=%2Fwp%2Fv2%2Fcomments&post=40068"}],"version-history":[{"count":1,"href":"https:\/\/www.ayuntamiento-losmolinos.es\/index.php?rest_route=\/wp\/v2\/posts\/40068\/revisions"}],"predecessor-version":[{"id":40069,"href":"https:\/\/www.ayuntamiento-losmolinos.es\/index.php?rest_route=\/wp\/v2\/posts\/40068\/revisions\/40069"}],"wp:featuredmedia":[{"embeddable":true,"href":"https:\/\/www.ayuntamiento-losmolinos.es\/index.php?rest_route=\/wp\/v2\/media\/40060"}],"wp:attachment":[{"href":"https:\/\/www.ayuntamiento-losmolinos.es\/index.php?rest_route=%2Fwp%2Fv2%2Fmedia&parent=40068"}],"wp:term":[{"taxonomy":"category","embeddable":true,"href":"https:\/\/www.ayuntamiento-losmolinos.es\/index.php?rest_route=%2Fwp%2Fv2%2Fcategories&post=40068"},{"taxonomy":"post_tag","embeddable":true,"href":"https:\/\/www.ayuntamiento-losmolinos.es\/index.php?rest_route=%2Fwp%2Fv2%2Ftags&post=40068"}],"curies":[{"name":"wp","href":"https:\/\/api.w.org\/{rel}","templated":true}]}}