{"id":40084,"date":"2026-04-29T09:35:51","date_gmt":"2026-04-29T07:35:51","guid":{"rendered":"https:\/\/www.ayuntamiento-losmolinos.es\/?p=40084"},"modified":"2026-04-29T09:35:52","modified_gmt":"2026-04-29T07:35:52","slug":"exito-de-participacion-en-la-marcha-nordica-del-festival-del-cambrono-de-los-molinos","status":"publish","type":"post","link":"https:\/\/www.ayuntamiento-losmolinos.es\/?p=40084","title":{"rendered":"\u00c9xito de participaci\u00f3n en la Marcha N\u00f3rdica del Festival del Cambro\u00f1o de Los Molinos"},"content":{"rendered":"\n<p>El pasado <strong>s\u00e1bado 25 de abril<\/strong>, Los Molinos celebr\u00f3 una jornada dedicada al deporte y la naturaleza con motivo del <strong>Festival del Cambro\u00f1o<\/strong>. La actividad central fue una <strong>Marcha N\u00f3rdica<\/strong> que reuni\u00f3 a vecinos y visitantes para disfrutar del entorno natural privilegiado de la Sierra de Guadarrama.<\/p>\n\n\n\n<hr class=\"wp-block-separator has-alpha-channel-opacity\"\/ data-block-type=\"core\">\n\n\n\n<h3 class=\"wp-block-heading\" data-block-type=\"core\">Detalles de la jornada<\/h3>\n\n\n\n<p>La marcha comenz\u00f3 puntualmente a las <strong>10:00 h<\/strong>, teniendo como punto de encuentro y <strong>salida el Polideportivo Municipal<\/strong>. Los participantes pudieron disfrutar de un recorrido dise\u00f1ado para poner en valor la floraci\u00f3n del cambro\u00f1o, uno de los espect\u00e1culos naturales m\u00e1s emblem\u00e1ticos de la zona en estas fechas.<\/p>\n\n\n\n<figure class=\"wp-block-gallery has-nested-images columns-default is-cropped has-lightbox wp-block-gallery-1 is-layout-flex wp-block-gallery-is-layout-flex\" data-block-type=\"core\">\n<figure class=\"wp-block-image size-large\" data-block-type=\"core\"><img loading=\"lazy\" decoding=\"async\" width=\"2048\" height=\"914\" data-id=\"40083\" src=\"https:\/\/www.ayuntamiento-losmolinos.es\/wp-content\/uploads\/2026\/04\/SALIDA-NORDICA-CAMBRONO-2026-3.jpeg\" alt=\"\" class=\"wp-image-40083\"\/><\/figure>\n\n\n\n<figure class=\"wp-block-image size-large\" data-block-type=\"core\"><img loading=\"lazy\" decoding=\"async\" width=\"914\" height=\"2048\" data-id=\"40082\" src=\"https:\/\/www.ayuntamiento-losmolinos.es\/wp-content\/uploads\/2026\/04\/SALIDA-NORDICA-CAMBRONO-2026-2.jpeg\" alt=\"\" class=\"wp-image-40082\"\/><\/figure>\n\n\n\n<figure class=\"wp-block-image size-large\" data-block-type=\"core\"><img loading=\"lazy\" decoding=\"async\" width=\"2048\" height=\"914\" data-id=\"40081\" src=\"https:\/\/www.ayuntamiento-losmolinos.es\/wp-content\/uploads\/2026\/04\/SALIDA-NORDICA-CAMBRONO-2026-1.jpeg\" alt=\"\" class=\"wp-image-40081\"\/><\/figure>\n\n\n\n<figure class=\"wp-block-image size-large\" data-block-type=\"core\"><img loading=\"lazy\" decoding=\"async\" width=\"1600\" height=\"1200\" data-id=\"40080\" src=\"https:\/\/www.ayuntamiento-losmolinos.es\/wp-content\/uploads\/2026\/04\/SALIDA-NORDICA-CAMBRONO-2026-6.jpeg\" alt=\"\" class=\"wp-image-40080\"\/><\/figure>\n\n\n\n<figure class=\"wp-block-image size-large\" data-block-type=\"core\"><img loading=\"lazy\" decoding=\"async\" width=\"1600\" height=\"1200\" data-id=\"40079\" src=\"https:\/\/www.ayuntamiento-losmolinos.es\/wp-content\/uploads\/2026\/04\/SALIDA-NORDICA-CAMBRONO-2026-5.jpeg\" alt=\"\" class=\"wp-image-40079\"\/><\/figure>\n\n\n\n<figure class=\"wp-block-image size-large\" data-block-type=\"core\"><img loading=\"lazy\" decoding=\"async\" width=\"1600\" height=\"1200\" data-id=\"40078\" src=\"https:\/\/www.ayuntamiento-losmolinos.es\/wp-content\/uploads\/2026\/04\/SALIDA-NORDICA-CAMBRONO-2026-4.jpeg\" alt=\"\" class=\"wp-image-40078\"\/><\/figure>\n<\/figure>\n","protected":false},"excerpt":{"rendered":"<p>El pasado s\u00e1bado 25 de abril, Los Molinos celebr\u00f3 una jornada dedicada al deporte y la naturaleza con motivo del Festival del Cambro\u00f1o. La actividad central fue una Marcha N\u00f3rdica que reuni\u00f3 a vecinos y visitantes para disfrutar del entorno natural privilegiado de la Sierra de Guadarrama. Detalles de la jornada La marcha comenz\u00f3 puntualmente [&hellip;]<\/p>\n","protected":false},"author":1,"featured_media":40080,"comment_status":"closed","ping_status":"open","sticky":false,"template":"","format":"standard","meta":{"_coblocks_attr":"","_coblocks_dimensions":"","_coblocks_responsive_height":"","_coblocks_accordion_ie_support":"","footnotes":""},"categories":[3,945,948,963],"tags":[1470,11,613,7,9,786],"class_list":["post-40084","post","type-post","status-publish","format-standard","has-post-thumbnail","hentry","category-actualidad","category-deportes","category-medio-ambiente","category-medio-ambiente-2","tag-1470","tag-ayuntamiento","tag-cambrono","tag-deportes","tag-los-molinos","tag-marcha-nordica"],"_links":{"self":[{"href":"https:\/\/www.ayuntamiento-losmolinos.es\/index.php?rest_route=\/wp\/v2\/posts\/40084","targetHints":{"allow":["GET"]}}],"collection":[{"href":"https:\/\/www.ayuntamiento-losmolinos.es\/index.php?rest_route=\/wp\/v2\/posts"}],"about":[{"href":"https:\/\/www.ayuntamiento-losmolinos.es\/index.php?rest_route=\/wp\/v2\/types\/post"}],"author":[{"embeddable":true,"href":"https:\/\/www.ayuntamiento-losmolinos.es\/index.php?rest_route=\/wp\/v2\/users\/1"}],"replies":[{"embeddable":true,"href":"https:\/\/www.ayuntamiento-losmolinos.es\/index.php?rest_route=%2Fwp%2Fv2%2Fcomments&post=40084"}],"version-history":[{"count":1,"href":"https:\/\/www.ayuntamiento-losmolinos.es\/index.php?rest_route=\/wp\/v2\/posts\/40084\/revisions"}],"predecessor-version":[{"id":40085,"href":"https:\/\/www.ayuntamiento-losmolinos.es\/index.php?rest_route=\/wp\/v2\/posts\/40084\/revisions\/40085"}],"wp:featuredmedia":[{"embeddable":true,"href":"https:\/\/www.ayuntamiento-losmolinos.es\/index.php?rest_route=\/wp\/v2\/media\/40080"}],"wp:attachment":[{"href":"https:\/\/www.ayuntamiento-losmolinos.es\/index.php?rest_route=%2Fwp%2Fv2%2Fmedia&parent=40084"}],"wp:term":[{"taxonomy":"category","embeddable":true,"href":"https:\/\/www.ayuntamiento-losmolinos.es\/index.php?rest_route=%2Fwp%2Fv2%2Fcategories&post=40084"},{"taxonomy":"post_tag","embeddable":true,"href":"https:\/\/www.ayuntamiento-losmolinos.es\/index.php?rest_route=%2Fwp%2Fv2%2Ftags&post=40084"}],"curies":[{"name":"wp","href":"https:\/\/api.w.org\/{rel}","templated":true}]}}