{"id":4846,"date":"2018-11-21T13:59:01","date_gmt":"2018-11-21T12:59:01","guid":{"rendered":"http:\/\/www.ayuntamiento-losmolinos.es\/?p=4846"},"modified":"2024-09-10T12:01:01","modified_gmt":"2024-09-10T10:01:01","slug":"creacion-de-la-sublinea-680-para-dar-servicio-al-instituto-de-cercedilla","status":"publish","type":"post","link":"https:\/\/www.ayuntamiento-losmolinos.es\/?p=4846","title":{"rendered":"Creaci\u00f3n de la subl\u00ednea 680 para dar servicio al Instituto de Cercedilla"},"content":{"rendered":"<p style=\"text-align: justify;\">Desde del 1 de septiembre ha entrado en vigor una nueva subl\u00ednea que dar\u00e1 cobertura al Instituto de Cercedilla. Esta nueva l\u00ednea modificar\u00e1 la actual 680 Collado Villalba &#8211; Cercedilla.<\/p>\n","protected":false},"excerpt":{"rendered":"<p>Desde del 1 de septiembre ha entrado en vigor una nueva subl\u00ednea que dar\u00e1 cobertura al Instituto de Cercedilla. Esta nueva l\u00ednea modificar\u00e1 la actual 680 Collado Villalba &#8211; Cercedilla.<\/p>\n","protected":false},"author":1,"featured_media":11802,"comment_status":"closed","ping_status":"open","sticky":false,"template":"","format":"standard","meta":{"_coblocks_attr":"","_coblocks_dimensions":"","_coblocks_responsive_height":"","_coblocks_accordion_ie_support":"","footnotes":""},"categories":[3],"tags":[45,47,9,49],"class_list":["post-4846","post","type-post","status-publish","format-standard","has-post-thumbnail","hentry","category-actualidad","tag-cercedilla","tag-instituto","tag-los-molinos","tag-trasporte"],"_links":{"self":[{"href":"https:\/\/www.ayuntamiento-losmolinos.es\/index.php?rest_route=\/wp\/v2\/posts\/4846","targetHints":{"allow":["GET"]}}],"collection":[{"href":"https:\/\/www.ayuntamiento-losmolinos.es\/index.php?rest_route=\/wp\/v2\/posts"}],"about":[{"href":"https:\/\/www.ayuntamiento-losmolinos.es\/index.php?rest_route=\/wp\/v2\/types\/post"}],"author":[{"embeddable":true,"href":"https:\/\/www.ayuntamiento-losmolinos.es\/index.php?rest_route=\/wp\/v2\/users\/1"}],"replies":[{"embeddable":true,"href":"https:\/\/www.ayuntamiento-losmolinos.es\/index.php?rest_route=%2Fwp%2Fv2%2Fcomments&post=4846"}],"version-history":[{"count":1,"href":"https:\/\/www.ayuntamiento-losmolinos.es\/index.php?rest_route=\/wp\/v2\/posts\/4846\/revisions"}],"predecessor-version":[{"id":37810,"href":"https:\/\/www.ayuntamiento-losmolinos.es\/index.php?rest_route=\/wp\/v2\/posts\/4846\/revisions\/37810"}],"wp:featuredmedia":[{"embeddable":true,"href":"https:\/\/www.ayuntamiento-losmolinos.es\/index.php?rest_route=\/wp\/v2\/media\/11802"}],"wp:attachment":[{"href":"https:\/\/www.ayuntamiento-losmolinos.es\/index.php?rest_route=%2Fwp%2Fv2%2Fmedia&parent=4846"}],"wp:term":[{"taxonomy":"category","embeddable":true,"href":"https:\/\/www.ayuntamiento-losmolinos.es\/index.php?rest_route=%2Fwp%2Fv2%2Fcategories&post=4846"},{"taxonomy":"post_tag","embeddable":true,"href":"https:\/\/www.ayuntamiento-losmolinos.es\/index.php?rest_route=%2Fwp%2Fv2%2Ftags&post=4846"}],"curies":[{"name":"wp","href":"https:\/\/api.w.org\/{rel}","templated":true}]}}